{"id":6332,"date":"2014-10-20T19:34:16","date_gmt":"2014-10-20T17:34:16","guid":{"rendered":"http:\/\/zshorodlo.pl\/?p=6332"},"modified":"2014-10-22T10:23:59","modified_gmt":"2014-10-22T08:23:59","slug":"swieto-edukacji-narodowej","status":"publish","type":"post","link":"https:\/\/zshorodlo.pl\/?p=6332","title":{"rendered":"\u015awi\u0119to Edukacji Narodowej"},"content":{"rendered":"<p style=\"text-align: justify;\">\n\tUroczysto\u015bci z okazji \u015awi\u0119ta Edukacji Narodowej&nbsp; odby\u0142y si\u0119 w naszej szkole 13 pa\u017adziernika. Gal\u0119 poprowadzili uczniowie z klasy II liceum &ndash; Klaudia Nied\u017awied\u017a i Mateusz Da\u0144czuk. Cz\u0119\u015b\u0107 artystyczna tym razem przybra\u0142a form\u0119 koncertu \u017cycze\u0144. Opr&oacute;cz uczni&oacute;w naszym sympatycznym nauczycielom \u017cyczenia sk\u0142adali, m.in. w&oacute;jt Gminy Horod\u0142o &#8211; Krzysztof Bo\u017cek oraz komendant Plac&oacute;wki Stra\u017cy Granicznej w Horodle &#8211; pp\u0142k Marek Wrona.\n<\/p>\n<p style=\"text-align: justify;\">\n\tDyrektor szko\u0142y &#8211; Arnold Bogowski z okazji \u015bwi\u0119ta przyzna\u0142 nagrody nast\u0119puj\u0105cym nauczycielom oraz pracownikom obs\u0142ugi i administracji: Teresie Portka, Anecie Zbirowskiej, Iwonie S\u0142upskiej, Iwonie Kudle &ndash; Najuch, Miros\u0142awowi Kamieniowi, Agnieszce Kossowskiej, Beacie Bogowskiej, Justynie Potacza\u0142o, Barbarze Patyjewicz, Iwonie Kotiuk, Jerzemu Da\u0144czukowi, Dariuszowi Dumie i Anecie Stasiak.\n<\/p>\n<p style=\"text-align: justify;\">\n\tW imieniu spo\u0142eczno\u015bci uczniowskiej wszystkim nauczycielom jeszcze raz \u017cyczymy wszystkiego dobrego, a przede wszystkim spe\u0142nienia w pracy!\n<\/p>\n<p style=\"text-align: justify;\">\n\t[nggallety id=145]<\/p>\n","protected":false},"excerpt":{"rendered":"<p>Uroczysto\u015bci z okazji \u015awi\u0119ta Edukacji Narodowej&nbsp; odby\u0142y si\u0119 w naszej szkole 13 pa\u017adziernika. Gal\u0119 poprowadzili uczniowie z klasy II liceum &ndash; Klaudia Nied\u017awied\u017a i Mateusz Da\u0144czuk. Cz\u0119\u015b\u0107 artystyczna tym razem przybra\u0142a form\u0119 koncertu \u017cycze\u0144. Opr&oacute;cz uczni&oacute;w naszym sympatycznym nauczycielom \u017cyczenia &hellip; <a href=\"https:\/\/zshorodlo.pl\/?p=6332\">Czytaj dalej <span class=\"meta-nav\">&rarr;<\/span><\/a><\/p>\n","protected":false},"author":3,"featured_media":0,"comment_status":"closed","ping_status":"open","sticky":false,"template":"","format":"standard","meta":{"ngg_post_thumbnail":0,"footnotes":""},"categories":[5],"tags":[],"_links":{"self":[{"href":"https:\/\/zshorodlo.pl\/index.php?rest_route=\/wp\/v2\/posts\/6332"}],"collection":[{"href":"https:\/\/zshorodlo.pl\/index.php?rest_route=\/wp\/v2\/posts"}],"about":[{"href":"https:\/\/zshorodlo.pl\/index.php?rest_route=\/wp\/v2\/types\/post"}],"author":[{"embeddable":true,"href":"https:\/\/zshorodlo.pl\/index.php?rest_route=\/wp\/v2\/users\/3"}],"replies":[{"embeddable":true,"href":"https:\/\/zshorodlo.pl\/index.php?rest_route=%2Fwp%2Fv2%2Fcomments&post=6332"}],"version-history":[{"count":2,"href":"https:\/\/zshorodlo.pl\/index.php?rest_route=\/wp\/v2\/posts\/6332\/revisions"}],"predecessor-version":[{"id":6497,"href":"https:\/\/zshorodlo.pl\/index.php?rest_route=\/wp\/v2\/posts\/6332\/revisions\/6497"}],"wp:attachment":[{"href":"https:\/\/zshorodlo.pl\/index.php?rest_route=%2Fwp%2Fv2%2Fmedia&parent=6332"}],"wp:term":[{"taxonomy":"category","embeddable":true,"href":"https:\/\/zshorodlo.pl\/index.php?rest_route=%2Fwp%2Fv2%2Fcategories&post=6332"},{"taxonomy":"post_tag","embeddable":true,"href":"https:\/\/zshorodlo.pl\/index.php?rest_route=%2Fwp%2Fv2%2Ftags&post=6332"}],"curies":[{"name":"wp","href":"https:\/\/api.w.org\/{rel}","templated":true}]}}