{"id":6329,"date":"2014-10-17T13:42:51","date_gmt":"2014-10-17T11:42:51","guid":{"rendered":"http:\/\/zshorodlo.pl\/?p=6329"},"modified":"2014-10-21T13:49:32","modified_gmt":"2014-10-21T11:49:32","slug":"swieto-drzewa","status":"publish","type":"post","link":"https:\/\/zshorodlo.pl\/?p=6329","title":{"rendered":"\u015bwi\u0119to drzewa"},"content":{"rendered":"<p style=\"text-align: justify;\">\n\tPo raz kolejny nasza szko\u0142a &nbsp;przyst\u0105pi\u0142a do&nbsp; programu edukacyjno &ndash; ekologicznego pt.&nbsp;&bdquo;\u015awi\u0119to drzewa&rdquo;, kt&oacute;ry po\u015bwi\u0119cony jest sadzeniu i&nbsp;ochronie drzew oraz popularyzacji znaczenia drzew w&nbsp;biosferze. Tegoroczne \u015bwi\u0119to przebiega pod has\u0142em <strong>&bdquo;<\/strong><strong>Drzewo Wolno\u015bci&rdquo;.<\/strong>&nbsp;\u015awi\u0119to Drzewa jest programem edukacji ekologicznej Klubu Gaja realizowanym od 2003 roku, kt&oacute;rego inauguracj\u0105 jest akcja sadzenia drzew co roku 10 pa\u017adziernika oraz wiele r&oacute;\u017cnorodnych dzia\u0142a\u0144 wok&oacute;\u0142 drzew: festyny i pikniki, konkursy artystyczne i literackie, przedstawienia teatralne, koncerty, happeningi.&nbsp;<strong>Partnerem strategicznym programu s\u0105<\/strong>&nbsp;<strong>Lasy Pa\u0144stwowe<\/strong>, kt&oacute;re s\u0142u\u017c\u0105 pomoc\u0105. Udzia\u0142 w \u015awi\u0119cie Drzewa pomaga w promocji dzia\u0142a\u0144 proekologicznych i nawi\u0105zywaniu wsp&oacute;\u0142pracy. Dzia\u0142ania takie jak sadzenie drzew, zak\u0142adanie ogrod&oacute;w, ochrona starych drzew, zbi&oacute;rki makulatury to rzeczywiste dzia\u0142ania na rzecz ochrony \u015brodowiska. Organizatorem tego przedsi\u0119wzi\u0119cia w naszej szkole by\u0142a : nauczycielka przyrody i biblioteki &nbsp;pani Stanis\u0142awa \u015al\u0105zak. Do akcji przyst\u0105pi\u0142y dzieci z&nbsp;ca\u0142ej plac&oacute;wki. G\u0142&oacute;wnymi za\u0142o\u017ceniami tematyki dotycz\u0105cej &bdquo;\u015awi\u0119ta Drzewa&rdquo;, by\u0142o:\n<\/p>\n<ul style=\"list-style-type:circle;\">\n<li>\n\t\tWyrabianie w dzieciach emocjonalnego stosunku do \u015brodowiska przyrodniczego.\n\t<\/li>\n<li>\n\t\tRozwijanie postaw proekologicznych.\n\t<\/li>\n<li style=\"text-align: justify;\">\n\t\tZapoznanie z tematyk\u0105 dotycz\u0105c\u0105 ochrony drzew oraz popularyzacj\u0105 znanych gatunk&oacute;w drzew wyst\u0119puj\u0105cych na naszym terenie.\n\t<\/li>\n<li>\n\t\tZach\u0119canie do zaanga\u017cowaniu si\u0119 w dzia\u0142aniu na rzecz ochrony \u015brodowiska\n\t<\/li>\n<li>\n\t\tUkazanie zalet drzewa dla cz\u0142owieka i przyrody.&nbsp;\n\t<\/li>\n<\/ul>\n<p>\n\tW zwi\u0105zku z przyst\u0105pieniem do akcji zrealizowali\u015bmy nast\u0119puj\u0105ce zadania:&nbsp;\n<\/p>\n<ul style=\"list-style-type:circle;\">\n<li style=\"text-align: justify;\">\n\t\tNa korytarzu szkolnym przygotowali\u015bmy gazetk\u0119 informuj\u0105c\u0105 wszystkich uczni&oacute;w o \u015awi\u0119cie Drzewa.\n\t<\/li>\n<li style=\"text-align: justify;\">\n\t\tZorganizowali\u015bmy konkursy wiedzowe &nbsp;dla uczni&oacute;w klas IV-V pt. &bdquo;Wyprawa do lasu&rdquo; oraz plastyczne w dw&oacute;ch kategoriach wiekowych pt.&rdquo;Las widziany oczami dziecka&rdquo; dla grupy przedszkolnej 5-6 -latk&oacute;w oraz klas I-III.\n\t<\/li>\n<li>\n\t\tW bibliotece szkolnej odby\u0142y si\u0119 zaj\u0119cia&nbsp; pt.&rdquo;Dzieci przyjaci&oacute;\u0142mi lasu&rdquo;.\n\t<\/li>\n<li style=\"text-align: justify;\">\n\t\t&nbsp;W bibliotece szkolnej zorganizowali\u015bmy spotkanie z le\u015bniczym&nbsp; panem Krzysztofem Gronkiem. Pan le\u015bniczy opowiada\u0142 dzieciom o &nbsp;charakterystycznych elementach budowy lasu, o potrzebie&nbsp; ochrony lasu , jego mieszka\u0144c&oacute;w, ciekawostkach z \u017cycia zwierz\u0105t, sk\u0142adzie gatunkowym lasu.\n\t<\/li>\n<li>\n\t\tW klasie V na zaj\u0119ciach z przyrody zosta\u0142 zrealizowany temat pt.&nbsp; &bdquo;Lasy Polski .\n\t<\/li>\n<li style=\"text-align: justify;\">\n\t\tWraz z uczniami posadzili\u015bmy na terenie przyszkolnym 10 berberys&oacute;w, 20 \u015bwierk&oacute;w i 20 sosen , kt&oacute;re otrzymali\u015bmy od Nadle\u015bnictwa Strzelce\n\t<\/li>\n<\/ul>\n<p style=\"text-align: justify;\">\n\tW obecno\u015bci pani dyrektor Agnieszki Harpeniuk oraz pana le\u015bniczego zosta\u0142y wr\u0119czone dyplomy i nagrody za czo\u0142owe miejsca zaj\u0119te w konkursach wiedzowych i plastycznych. Wszystkie dzieci otrzyma\u0142y od pana le\u015bniczego znaczki &bdquo; Przyjaciele lasu&rdquo; oraz wykaza\u0142y wielkie zaanga\u017cowanie w przygotowanie i przeprowadzenie obchod&oacute;w &bdquo;\u015awi\u0119ta drzewa&rdquo;.\n<\/p>\n<p>\n\tNasze dzia\u0142ania uwiecznili\u015bmy na zdj\u0119ciach . A tak wygl\u0105daj\u0105 wyniki konkurs&oacute;w :\n<\/p>\n<p>\n\t&nbsp;Konkurs plastyczny &bdquo;Las widziany oczami dziecka&rdquo;:\n<\/p>\n<p>\n\tgrupa 5-6 latk&oacute;w\n<\/p>\n<p>\n\tI miejsce &ndash; Magdalena Sobi\u0142\u0142o\n<\/p>\n<p>\n\tII miejsce Anna Gruszka\n<\/p>\n<p>\n\tIII miejsce -Tomasz Aronowski\n<\/p>\n<p>\n\tWyr&oacute;\u017cnienie- Antosia Go\u0142\u0119biowska\n<\/p>\n<p>\n\tKlasy I-III\n<\/p>\n<p>\n\tI miejsce -Aleksandra Go\u0142\u0119biowska\n<\/p>\n<p>\n\t&nbsp;&nbsp;&nbsp;&nbsp;&nbsp;&nbsp;&nbsp;&nbsp;&nbsp;&nbsp;&nbsp;&nbsp;&nbsp;&nbsp;&nbsp;&nbsp; B\u0142a\u017cej Wlach\n<\/p>\n<p>\n\tII miejsce- Julka Wojciechowska\n<\/p>\n<p>\n\tIII miejsce- Aleksandra Szumiata\n<\/p>\n<p>\n\tWyr&oacute;\u017cnienie- Micha\u0142 Bednarczuk\n<\/p>\n<p>\n\t&nbsp;&nbsp;&nbsp;&nbsp;&nbsp;&nbsp;&nbsp;&nbsp;&nbsp;&nbsp;&nbsp;&nbsp;&nbsp;&nbsp;&nbsp;&nbsp;&nbsp;&nbsp;&nbsp;&nbsp;&nbsp;&nbsp; Roksana Sitarczuk\n<\/p>\n<p>\n\tKonkurs wiedzowy dla klas IV-V:\n<\/p>\n<p>\n\tI miejsce &ndash; Julka Rudawska\n<\/p>\n<p>\n\tII miejsce &ndash;Ma\u0142gorzata Mochnaczewska\n<\/p>\n<p>\n\t&nbsp;&nbsp;&nbsp;&nbsp;&nbsp;&nbsp;&nbsp;&nbsp;&nbsp;&nbsp;&nbsp;&nbsp;&nbsp;&nbsp;&nbsp;&nbsp;&nbsp;&nbsp; Aleksandra Borsukiewicz\n<\/p>\n<p>\n\tIII miejsce- Izabela Mrozowska\n<\/p>\nngg_shortcode_0_placeholder\n","protected":false},"excerpt":{"rendered":"<p>Po raz kolejny nasza szko\u0142a &nbsp;przyst\u0105pi\u0142a do&nbsp; programu edukacyjno &ndash; ekologicznego pt.&nbsp;&bdquo;\u015awi\u0119to drzewa&rdquo;, kt&oacute;ry po\u015bwi\u0119cony jest sadzeniu i&nbsp;ochronie drzew oraz popularyzacji znaczenia drzew w&nbsp;biosferze. Tegoroczne \u015bwi\u0119to przebiega pod has\u0142em &bdquo;Drzewo Wolno\u015bci&rdquo;.&nbsp;\u015awi\u0119to Drzewa jest programem edukacji ekologicznej Klubu Gaja realizowanym od &hellip; <a href=\"https:\/\/zshorodlo.pl\/?p=6329\">Czytaj dalej <span class=\"meta-nav\">&rarr;<\/span><\/a><\/p>\n","protected":false},"author":3,"featured_media":0,"comment_status":"closed","ping_status":"open","sticky":false,"template":"","format":"standard","meta":{"ngg_post_thumbnail":0,"footnotes":""},"categories":[3],"tags":[],"_links":{"self":[{"href":"https:\/\/zshorodlo.pl\/index.php?rest_route=\/wp\/v2\/posts\/6329"}],"collection":[{"href":"https:\/\/zshorodlo.pl\/index.php?rest_route=\/wp\/v2\/posts"}],"about":[{"href":"https:\/\/zshorodlo.pl\/index.php?rest_route=\/wp\/v2\/types\/post"}],"author":[{"embeddable":true,"href":"https:\/\/zshorodlo.pl\/index.php?rest_route=\/wp\/v2\/users\/3"}],"replies":[{"embeddable":true,"href":"https:\/\/zshorodlo.pl\/index.php?rest_route=%2Fwp%2Fv2%2Fcomments&post=6329"}],"version-history":[{"count":2,"href":"https:\/\/zshorodlo.pl\/index.php?rest_route=\/wp\/v2\/posts\/6329\/revisions"}],"predecessor-version":[{"id":6414,"href":"https:\/\/zshorodlo.pl\/index.php?rest_route=\/wp\/v2\/posts\/6329\/revisions\/6414"}],"wp:attachment":[{"href":"https:\/\/zshorodlo.pl\/index.php?rest_route=%2Fwp%2Fv2%2Fmedia&parent=6329"}],"wp:term":[{"taxonomy":"category","embeddable":true,"href":"https:\/\/zshorodlo.pl\/index.php?rest_route=%2Fwp%2Fv2%2Fcategories&post=6329"},{"taxonomy":"post_tag","embeddable":true,"href":"https:\/\/zshorodlo.pl\/index.php?rest_route=%2Fwp%2Fv2%2Ftags&post=6329"}],"curies":[{"name":"wp","href":"https:\/\/api.w.org\/{rel}","templated":true}]}}