{"id":40627,"date":"2025-12-05T11:15:47","date_gmt":"2025-12-05T10:15:47","guid":{"rendered":"https:\/\/zshorodlo.pl\/?p=40627"},"modified":"2025-12-05T11:21:00","modified_gmt":"2025-12-05T10:21:00","slug":"dzien-profilaktyki-w-zespole-szkol-w-horodle","status":"publish","type":"post","link":"https:\/\/zshorodlo.pl\/?p=40627","title":{"rendered":"DZIE\u0143 PROFILAKTYKI W ZESPOLE SZK\u00d3\u0141 W HORODLE"},"content":{"rendered":"<div class=\"x14z9mp xat24cr x1lziwak x1vvkbs xtlvy1s x126k92a\">\n<div dir=\"auto\" style=\"text-align: justify;\"><span style=\"font-family: verdana, geneva, sans-serif;\">&nbsp; &nbsp; &nbsp;W Zespole Szk\u00f3\u0142 w Horodle <strong>3 grudnia 2025r.<\/strong> odby\u0142 si\u0119 Dzie\u0144 Profilaktyki, zorganizowany przez Samorz\u0105d Uczniowski liceum. Wydarzenie mia\u0142o na celu promowanie zdrowego stylu \u017cycia, budowanie \u015bwiadomo\u015bci dzieci i m\u0142odzie\u017cy oraz kszta\u0142towanie odpowiedzialnych postaw wobec wsp\u00f3\u0142czesnych zagro\u017ce\u0144.<\/span><\/div>\n<\/div>\n<div class=\"x14z9mp xat24cr x1lziwak x1vvkbs xtlvy1s x126k92a\" style=\"text-align: justify;\">\n<div dir=\"auto\"><span style=\"font-family: verdana, geneva, sans-serif;\">&nbsp; &nbsp; &nbsp;Dzie\u0144 Profilaktyki by\u0142 okazj\u0105 do rozm\u00f3w, refleksji i zdobycia praktycznej wiedzy, kt\u00f3ra pomo\u017ce m\u0142odym ludziom podejmowa\u0107 m\u0105dre i \u015bwiadome decyzje dotycz\u0105c zdrowia.<\/span><\/div>\n<\/div>\n<div class=\"x14z9mp xat24cr x1lziwak x1vvkbs xtlvy1s x126k92a\">\n<div dir=\"auto\" style=\"text-align: justify;\"><span style=\"font-family: verdana, geneva, sans-serif;\">&nbsp; Serdeczne podzi\u0119kowania dla nauczycieli, uczni\u00f3w oraz wszystkich zaanga\u017cowanych w przygotowanie wydarzenia.<\/span><\/div>\n<div dir=\"auto\" style=\"text-align: justify;\"><span style=\"font-family: verdana, geneva, sans-serif;\">Dzi\u0119ki wsp\u00f3lnym dzia\u0142aniom szko\u0142a staje si\u0119 miejscem, gdzie edukacja \u0142\u0105czy si\u0119 z trosk\u0105 o zdrowie i bezpiecze\u0144stwo m\u0142odzie\u017cy.<\/span><\/div>\n<div dir=\"auto\">ngg_shortcode_0_placeholder<\/div>\n<\/div>\n","protected":false},"excerpt":{"rendered":"<p>&nbsp; &nbsp; &nbsp;W Zespole Szk\u00f3\u0142 w Horodle 3 grudnia 2025r. odby\u0142 si\u0119 Dzie\u0144 Profilaktyki, zorganizowany przez Samorz\u0105d Uczniowski liceum. Wydarzenie mia\u0142o na celu promowanie zdrowego stylu \u017cycia, budowanie \u015bwiadomo\u015bci dzieci i m\u0142odzie\u017cy oraz kszta\u0142towanie odpowiedzialnych postaw wobec wsp\u00f3\u0142czesnych zagro\u017ce\u0144. &nbsp; &hellip; <a href=\"https:\/\/zshorodlo.pl\/?p=40627\">Czytaj dalej <span class=\"meta-nav\">&rarr;<\/span><\/a><\/p>\n","protected":false},"author":3,"featured_media":0,"comment_status":"closed","ping_status":"open","sticky":false,"template":"","format":"standard","meta":{"ngg_post_thumbnail":0,"footnotes":""},"categories":[7,5],"tags":[],"_links":{"self":[{"href":"https:\/\/zshorodlo.pl\/index.php?rest_route=\/wp\/v2\/posts\/40627"}],"collection":[{"href":"https:\/\/zshorodlo.pl\/index.php?rest_route=\/wp\/v2\/posts"}],"about":[{"href":"https:\/\/zshorodlo.pl\/index.php?rest_route=\/wp\/v2\/types\/post"}],"author":[{"embeddable":true,"href":"https:\/\/zshorodlo.pl\/index.php?rest_route=\/wp\/v2\/users\/3"}],"replies":[{"embeddable":true,"href":"https:\/\/zshorodlo.pl\/index.php?rest_route=%2Fwp%2Fv2%2Fcomments&post=40627"}],"version-history":[{"count":2,"href":"https:\/\/zshorodlo.pl\/index.php?rest_route=\/wp\/v2\/posts\/40627\/revisions"}],"predecessor-version":[{"id":40640,"href":"https:\/\/zshorodlo.pl\/index.php?rest_route=\/wp\/v2\/posts\/40627\/revisions\/40640"}],"wp:attachment":[{"href":"https:\/\/zshorodlo.pl\/index.php?rest_route=%2Fwp%2Fv2%2Fmedia&parent=40627"}],"wp:term":[{"taxonomy":"category","embeddable":true,"href":"https:\/\/zshorodlo.pl\/index.php?rest_route=%2Fwp%2Fv2%2Fcategories&post=40627"},{"taxonomy":"post_tag","embeddable":true,"href":"https:\/\/zshorodlo.pl\/index.php?rest_route=%2Fwp%2Fv2%2Ftags&post=40627"}],"curies":[{"name":"wp","href":"https:\/\/api.w.org\/{rel}","templated":true}]}}