{"id":40552,"date":"2025-10-28T18:13:14","date_gmt":"2025-10-28T17:13:14","guid":{"rendered":"https:\/\/zshorodlo.pl\/?p=40552"},"modified":"2025-11-05T11:37:46","modified_gmt":"2025-11-05T10:37:46","slug":"wycieczka-maturzystow","status":"publish","type":"post","link":"https:\/\/zshorodlo.pl\/?p=40552","title":{"rendered":"WYCIECZKA MATURZYST\u00d3W"},"content":{"rendered":"<p style=\"text-align: justify;\"><span style=\"font-family: verdana, geneva, sans-serif;\">&nbsp; &nbsp; W dniach <strong>24 \u2013 25 pa\u017adziernika<\/strong> uczniowie klasy maturalnej uczestniczyli w wycieczce o charakterze edukacyjno \u2013 pielgrzymkowym. Pierwszym punktem programu by\u0142o zwiedzanie Muzeum Auschwitz &#8211; Birkenau w O\u015bwi\u0119cimiu, gdzie m\u0142odzie\u017c mog\u0142a pozna\u0107 tragiczn\u0105 histori\u0119 obozu zag\u0142ady i odda\u0107 ho\u0142d ofiarom II wojny \u015bwiatowej.<br \/>\n<\/span><span style=\"font-family: verdana, geneva, sans-serif;\">&nbsp; &nbsp; &nbsp;Kolejnym etapem wyjazdu by\u0142o zwiedzanie ruin zamku w Olsztynie k. Cz\u0119stochowy, malowniczo po\u0142o\u017conych na Szlaku Orlich Gniazd, w trakcie kt\u00f3rego maturzy\u015bci ogl\u0105dali kamienne mury, baszty \u015bredniowiecznej warowni oraz podziwiali widoki z zamkowego wzg\u00f3rza.<br \/>\n<\/span><span style=\"font-family: verdana, geneva, sans-serif;\">&nbsp; &nbsp; Kulminacyjnym punktem wycieczki by\u0142 udzia\u0142 w XXXIV Pielgrzymce Maturzyst\u00f3w Diecezji Zamojsko \u2013 Lubaczowskiej na Jasn\u0105 G\u00f3r\u0119. Uczniowie naszej szko\u0142y aktywnie uczestniczyli w nabo\u017ce\u0144stwach odprawianych w sanktuarium. W trakcie uroczystej mszy \u015bwi\u0119tej sprawowanej pod przewodnictwem biskupa Mariana Rojka w bazylice jasnog\u00f3rskiej Wiktor Najuch pe\u0142ni\u0142 pos\u0142ug\u0119 liturgiczn\u0105, odczyta\u0142 tak\u017ce wezwania modlitwy wiernych, a nast\u0119pnie wsp\u00f3lnie z Jakubem Ba\u0144k\u0105 i Kacprem Filipczukiem poprowadzi\u0142 procesj\u0119 podczas drogi krzy\u017cowej na Wa\u0142ach Jasnog\u00f3rskich. Dzie\u0144 zako\u0144czy\u0142 udzia\u0142 w Apelu Jasnog\u00f3rskim, w czasie kt\u00f3rego nasi maturzy\u015bci zawierzyli Maryi swoje dalsze \u017cyciowe wybory, a nast\u0119pnie odbyli kr\u00f3tkie spotkanie z biskupem Marianem Rojkiem.<br \/>\n<\/span><span style=\"font-family: verdana, geneva, sans-serif;\">&nbsp; &nbsp; Szczeg\u00f3lnym wyr\u00f3\u017cnieniem by\u0142 udzia\u0142 naszych maturzyst\u00f3w w wywiadzie dla Radia Jasna G\u00f3ra, w kt\u00f3rym Jakub Ba\u0144ka i Kacper Filipczuk opowiadali o swojej wierze, przygotowaniach do matury oraz o znaczeniu tej pielgrzymki w ich duchowym \u017cyciu.<br \/>\n<\/span><span style=\"font-family: verdana, geneva, sans-serif;\">&nbsp; &nbsp; &nbsp;Wycieczka maturzyst\u00f3w by\u0142a po\u0142\u0105czeniem historii, kultury i duchowo\u015bci, a uczestnicy wr\u00f3cili z niej pe\u0142ni wra\u017ce\u0144 i refleksji.<\/span><\/p>\n<p>ngg_shortcode_0_placeholder<br \/>\n<iframe loading=\"lazy\" title=\"YouTube video player\" src=\"https:\/\/www.youtube.com\/embed\/NR8b8CwYTOs?si=xHjFrDgzMdyGbmCM\" width=\"560\" height=\"315\" frameborder=\"0\" allowfullscreen=\"allowfullscreen\"><\/iframe><br \/>\n<iframe loading=\"lazy\" title=\"YouTube video player\" src=\"https:\/\/www.youtube.com\/embed\/KWoqhq2M0LY?si=BmX_Uvt7lIapxk9P\" width=\"560\" height=\"315\" frameborder=\"0\" allowfullscreen=\"allowfullscreen\"><\/iframe><br \/>\n&nbsp;<\/p>\n","protected":false},"excerpt":{"rendered":"<p>&nbsp; &nbsp; W dniach 24 \u2013 25 pa\u017adziernika uczniowie klasy maturalnej uczestniczyli w wycieczce o charakterze edukacyjno \u2013 pielgrzymkowym. Pierwszym punktem programu by\u0142o zwiedzanie Muzeum Auschwitz &#8211; Birkenau w O\u015bwi\u0119cimiu, gdzie m\u0142odzie\u017c mog\u0142a pozna\u0107 tragiczn\u0105 histori\u0119 obozu zag\u0142ady i odda\u0107 &hellip; <a href=\"https:\/\/zshorodlo.pl\/?p=40552\">Czytaj dalej <span class=\"meta-nav\">&rarr;<\/span><\/a><\/p>\n","protected":false},"author":3,"featured_media":0,"comment_status":"closed","ping_status":"open","sticky":false,"template":"","format":"standard","meta":{"ngg_post_thumbnail":0,"footnotes":""},"categories":[7],"tags":[],"_links":{"self":[{"href":"https:\/\/zshorodlo.pl\/index.php?rest_route=\/wp\/v2\/posts\/40552"}],"collection":[{"href":"https:\/\/zshorodlo.pl\/index.php?rest_route=\/wp\/v2\/posts"}],"about":[{"href":"https:\/\/zshorodlo.pl\/index.php?rest_route=\/wp\/v2\/types\/post"}],"author":[{"embeddable":true,"href":"https:\/\/zshorodlo.pl\/index.php?rest_route=\/wp\/v2\/users\/3"}],"replies":[{"embeddable":true,"href":"https:\/\/zshorodlo.pl\/index.php?rest_route=%2Fwp%2Fv2%2Fcomments&post=40552"}],"version-history":[{"count":5,"href":"https:\/\/zshorodlo.pl\/index.php?rest_route=\/wp\/v2\/posts\/40552\/revisions"}],"predecessor-version":[{"id":40587,"href":"https:\/\/zshorodlo.pl\/index.php?rest_route=\/wp\/v2\/posts\/40552\/revisions\/40587"}],"wp:attachment":[{"href":"https:\/\/zshorodlo.pl\/index.php?rest_route=%2Fwp%2Fv2%2Fmedia&parent=40552"}],"wp:term":[{"taxonomy":"category","embeddable":true,"href":"https:\/\/zshorodlo.pl\/index.php?rest_route=%2Fwp%2Fv2%2Fcategories&post=40552"},{"taxonomy":"post_tag","embeddable":true,"href":"https:\/\/zshorodlo.pl\/index.php?rest_route=%2Fwp%2Fv2%2Ftags&post=40552"}],"curies":[{"name":"wp","href":"https:\/\/api.w.org\/{rel}","templated":true}]}}