{"id":39443,"date":"2024-11-13T11:51:57","date_gmt":"2024-11-13T10:51:57","guid":{"rendered":"https:\/\/zshorodlo.pl\/?p=39443"},"modified":"2024-11-13T11:53:36","modified_gmt":"2024-11-13T10:53:36","slug":"narodowe-swieto-niepodleglosci-3","status":"publish","type":"post","link":"https:\/\/zshorodlo.pl\/?p=39443","title":{"rendered":"NARODOWE \u015aWI\u0118TO NIEPODLEG\u0141O\u015aCI"},"content":{"rendered":"<p style=\"text-align: justify;\"><span style=\"font-family: verdana, geneva, sans-serif;\">&nbsp;&nbsp;&nbsp;&nbsp;&nbsp; Dnia <strong>12 listopada<\/strong> w naszej szkole odby\u0142 si\u0119 uroczysty apel z okazji Narodowego \u015awi\u0119ta Niepodleg\u0142o\u015bci, upami\u0119tniaj\u0105cy odzyskanie przez Polsk\u0119 niepodleg\u0142o\u015bci w 1918 roku. W tym szczeg\u00f3lnym dniu uczniowie oraz grono pedagogiczne zebrali si\u0119, aby wsp\u00f3lnie uczci\u0107 ten wa\u017cny moment w historii naszej Ojczyzny.<br \/>\n<\/span><span style=\"font-family: verdana, geneva, sans-serif;\">&nbsp;&nbsp;&nbsp;&nbsp; Uroczysto\u015b\u0107 rozpocz\u0119\u0142a si\u0119 od wprowadzenia sztandaru szko\u0142y oraz wsp\u00f3lnego od\u015bpiewania hymnu narodowego, co wprowadzi\u0142o wszystkich w podnios\u0142y, patriotyczny nastr\u00f3j. Nast\u0119pnie uczniowie przedstawili program artystyczny, kt\u00f3ry zawiera\u0142 wiersze <\/span><br \/>\n<span style=\"font-family: verdana, geneva, sans-serif;\">i pie\u015bni, przypominaj\u0105ce o trudnej drodze Polski do wolno\u015bci i sile narodowego ducha.<br \/>\n<\/span><span style=\"font-family: verdana, geneva, sans-serif;\">&nbsp;&nbsp;&nbsp;&nbsp;&nbsp; Tego dnia miejsce mia\u0142o r\u00f3wnie\u017c wyj\u0105tkowe wydarzenie \u2013 \u015blubowanie klas pierwszych szko\u0142y podstawowej oraz liceum. Uczniowie, z\u0142o\u017cyli uroczyst\u0105 przysi\u0119g\u0119, obiecuj\u0105c rzetelnie wype\u0142nia\u0107 swoje obowi\u0105zki, szanowa\u0107 warto\u015bci i tradycje narodowe oraz dba\u0107 o honor szko\u0142y. Moment ten by\u0142 pe\u0142en wzruszenia, zar\u00f3wno dla uczni\u00f3w, jak i ich licznie zgromadzonych rodzic\u00f3w, stanowi\u0105c symboliczne w\u0142\u0105czenie dzieci i m\u0142odzie\u017cy do spo\u0142eczno\u015bci szkolnej.<\/span><\/p>\nngg_shortcode_0_placeholder\n","protected":false},"excerpt":{"rendered":"<p>&nbsp;&nbsp;&nbsp;&nbsp;&nbsp; Dnia 12 listopada w naszej szkole odby\u0142 si\u0119 uroczysty apel z okazji Narodowego \u015awi\u0119ta Niepodleg\u0142o\u015bci, upami\u0119tniaj\u0105cy odzyskanie przez Polsk\u0119 niepodleg\u0142o\u015bci w 1918 roku. W tym szczeg\u00f3lnym dniu uczniowie oraz grono pedagogiczne zebrali si\u0119, aby wsp\u00f3lnie uczci\u0107 ten wa\u017cny moment &hellip; <a href=\"https:\/\/zshorodlo.pl\/?p=39443\">Czytaj dalej <span class=\"meta-nav\">&rarr;<\/span><\/a><\/p>\n","protected":false},"author":3,"featured_media":0,"comment_status":"closed","ping_status":"open","sticky":false,"template":"","format":"standard","meta":{"ngg_post_thumbnail":0,"footnotes":""},"categories":[5],"tags":[],"_links":{"self":[{"href":"https:\/\/zshorodlo.pl\/index.php?rest_route=\/wp\/v2\/posts\/39443"}],"collection":[{"href":"https:\/\/zshorodlo.pl\/index.php?rest_route=\/wp\/v2\/posts"}],"about":[{"href":"https:\/\/zshorodlo.pl\/index.php?rest_route=\/wp\/v2\/types\/post"}],"author":[{"embeddable":true,"href":"https:\/\/zshorodlo.pl\/index.php?rest_route=\/wp\/v2\/users\/3"}],"replies":[{"embeddable":true,"href":"https:\/\/zshorodlo.pl\/index.php?rest_route=%2Fwp%2Fv2%2Fcomments&post=39443"}],"version-history":[{"count":2,"href":"https:\/\/zshorodlo.pl\/index.php?rest_route=\/wp\/v2\/posts\/39443\/revisions"}],"predecessor-version":[{"id":39459,"href":"https:\/\/zshorodlo.pl\/index.php?rest_route=\/wp\/v2\/posts\/39443\/revisions\/39459"}],"wp:attachment":[{"href":"https:\/\/zshorodlo.pl\/index.php?rest_route=%2Fwp%2Fv2%2Fmedia&parent=39443"}],"wp:term":[{"taxonomy":"category","embeddable":true,"href":"https:\/\/zshorodlo.pl\/index.php?rest_route=%2Fwp%2Fv2%2Fcategories&post=39443"},{"taxonomy":"post_tag","embeddable":true,"href":"https:\/\/zshorodlo.pl\/index.php?rest_route=%2Fwp%2Fv2%2Ftags&post=39443"}],"curies":[{"name":"wp","href":"https:\/\/api.w.org\/{rel}","templated":true}]}}