{"id":37620,"date":"2023-04-17T11:44:12","date_gmt":"2023-04-17T09:44:12","guid":{"rendered":"http:\/\/zshorodlo.pl\/?p=37620"},"modified":"2023-04-17T11:46:37","modified_gmt":"2023-04-17T09:46:37","slug":"dzien-bez-plecaka","status":"publish","type":"post","link":"https:\/\/zshorodlo.pl\/?p=37620","title":{"rendered":"DZIE\u0143 BEZ PLECAKA"},"content":{"rendered":"<div class=\"x11i5rnm xat24cr x1mh8g0r x1vvkbs xdj266r x126k92a\">\n<div dir=\"auto\" style=\"text-align: justify;\"><span style=\"font-family: verdana, geneva, sans-serif;\">Nic straconego, wystarczy troch\u0119 pomy\u015ble\u0107 na co go zamieni\u0107!<\/span><\/div>\n<div dir=\"auto\" style=\"text-align: justify;\"><span style=\"font-family: verdana, geneva, sans-serif;\">Uczniowie naszej szko\u0142y wykazali si\u0119 niezwyk\u0142\u0105 kreatywno\u015bci\u0105. Swoje codzienne plecaki zast\u0105pili walizkami, wiadrami, koszykami, garnkami, w\u00f3zkami!<\/span><\/div>\n<div dir=\"auto\" style=\"text-align: justify;\"><span style=\"font-family: verdana, geneva, sans-serif;\">Jeste\u015bcie ciekawi efekt\u00f3w?<\/span><\/div>\n<div dir=\"auto\" style=\"text-align: justify;\"><span style=\"font-family: verdana, geneva, sans-serif;\">Zajrzyjcie do galerii<\/span><\/div>\n<\/div>\n<div class=\"x11i5rnm xat24cr x1mh8g0r x1vvkbs xtlvy1s x126k92a\" style=\"text-align: justify;\">\n<div dir=\"auto\"><span style=\"font-family: verdana, geneva, sans-serif;\">Byli\u015bmy zdumieni wasz\u0105 pomys\u0142owo\u015bci\u0105 i serdecznie WAM dzi\u0119kujemy!<\/span><\/div>\n<\/div>\n<div class=\"x11i5rnm xat24cr x1mh8g0r x1vvkbs xtlvy1s x126k92a\">\n<div dir=\"auto\" style=\"text-align: justify;\"><span style=\"font-family: verdana, geneva, sans-serif;\">Czy w przysz\u0142ym roku mo\u017cemy liczy\u0107 na &#8222;No BackPack Day&#8221;?<\/span><\/div>\n<div dir=\"auto\">ngg_shortcode_0_placeholder<\/div>\n<\/div>\n","protected":false},"excerpt":{"rendered":"<p>Nic straconego, wystarczy troch\u0119 pomy\u015ble\u0107 na co go zamieni\u0107! Uczniowie naszej szko\u0142y wykazali si\u0119 niezwyk\u0142\u0105 kreatywno\u015bci\u0105. Swoje codzienne plecaki zast\u0105pili walizkami, wiadrami, koszykami, garnkami, w\u00f3zkami! Jeste\u015bcie ciekawi efekt\u00f3w? Zajrzyjcie do galerii Byli\u015bmy zdumieni wasz\u0105 pomys\u0142owo\u015bci\u0105 i serdecznie WAM dzi\u0119kujemy! Czy &hellip; <a href=\"https:\/\/zshorodlo.pl\/?p=37620\">Czytaj dalej <span class=\"meta-nav\">&rarr;<\/span><\/a><\/p>\n","protected":false},"author":3,"featured_media":0,"comment_status":"closed","ping_status":"open","sticky":false,"template":"","format":"standard","meta":{"ngg_post_thumbnail":0,"footnotes":""},"categories":[7],"tags":[],"_links":{"self":[{"href":"https:\/\/zshorodlo.pl\/index.php?rest_route=\/wp\/v2\/posts\/37620"}],"collection":[{"href":"https:\/\/zshorodlo.pl\/index.php?rest_route=\/wp\/v2\/posts"}],"about":[{"href":"https:\/\/zshorodlo.pl\/index.php?rest_route=\/wp\/v2\/types\/post"}],"author":[{"embeddable":true,"href":"https:\/\/zshorodlo.pl\/index.php?rest_route=\/wp\/v2\/users\/3"}],"replies":[{"embeddable":true,"href":"https:\/\/zshorodlo.pl\/index.php?rest_route=%2Fwp%2Fv2%2Fcomments&post=37620"}],"version-history":[{"count":2,"href":"https:\/\/zshorodlo.pl\/index.php?rest_route=\/wp\/v2\/posts\/37620\/revisions"}],"predecessor-version":[{"id":37632,"href":"https:\/\/zshorodlo.pl\/index.php?rest_route=\/wp\/v2\/posts\/37620\/revisions\/37632"}],"wp:attachment":[{"href":"https:\/\/zshorodlo.pl\/index.php?rest_route=%2Fwp%2Fv2%2Fmedia&parent=37620"}],"wp:term":[{"taxonomy":"category","embeddable":true,"href":"https:\/\/zshorodlo.pl\/index.php?rest_route=%2Fwp%2Fv2%2Fcategories&post=37620"},{"taxonomy":"post_tag","embeddable":true,"href":"https:\/\/zshorodlo.pl\/index.php?rest_route=%2Fwp%2Fv2%2Ftags&post=37620"}],"curies":[{"name":"wp","href":"https:\/\/api.w.org\/{rel}","templated":true}]}}