{"id":37086,"date":"2022-11-04T11:39:29","date_gmt":"2022-11-04T10:39:29","guid":{"rendered":"http:\/\/zshorodlo.pl\/?p=37086"},"modified":"2022-11-04T11:45:20","modified_gmt":"2022-11-04T10:45:20","slug":"konkurs-drzewa-maja-moc-rozstrzygniety","status":"publish","type":"post","link":"https:\/\/zshorodlo.pl\/?p=37086","title":{"rendered":"KONKURS  DRZEWA MAJ\u0104 MOC ROZSTRZYGNI\u0118TY!"},"content":{"rendered":"<p align=\"justify\"><span style=\"font-family: verdana, geneva, sans-serif;\">&nbsp;&nbsp;&nbsp;&nbsp; W ramach akcji edukacyjnej ,,\u015awi\u0119to drzewa\u201d uczniowie m\u0142odszych klas szko\u0142y podstawowej wzi\u0119li udzia\u0142 w konkursie plastycznym organizowanym przez Roztocza\u0144ski Park Narodowy pt.,,Drzewa maj\u0105 moc\u201d.<br \/>\n<\/span><span style=\"font-family: verdana, geneva, sans-serif;\">&nbsp;&nbsp; Celem konkursu by\u0142o promowanie dzia\u0142a\u0144 proekologicznych, aktywna ochrona i gatunk\u00f3w wyst\u0119puj\u0105cych na terenie RPN.<br \/>\n<\/span><span style=\"font-family: verdana, geneva, sans-serif;\">&nbsp;&nbsp; Konkurs cieszy\u0142 si\u0119 bardzo du\u017cym powodzeniem i komisja mia\u0142a du\u017cy problem z wyborem prac, kt\u00f3re b\u0119d\u0105 reprezentowa\u0107 nasz\u0105 szko\u0142\u0119 na kolejnym etapie. Uczniowie wykazali si\u0119 pomys\u0142owo\u015bci\u0105 w doborze materia\u0142\u00f3w i technik plastycznych. Ostatecznie wybrano cztery prace, pozosta\u0142e mo\u017cna ogl\u0105da\u0107 na wystawie zorganizowanej na parterze. Wszystkim uczestnikom konkursu serdecznie dzi\u0119kujemy a laureatom gratulujemy!<\/span><\/p>\n<p><span style=\"font-family: verdana, geneva, sans-serif;\">Laureaci:<br \/>\n<\/span><strong><span style=\"font-family: verdana, geneva, sans-serif;\">1. Jakub Mulawka kl. III<br \/>\n<\/span><span style=\"font-family: verdana, geneva, sans-serif;\">2. Wiktor Nowaczewski kl. II<br \/>\n<\/span><span style=\"font-family: verdana, geneva, sans-serif;\">3. Michalina Piszka kl. I<br \/>\n<\/span><span style=\"font-family: verdana, geneva, sans-serif;\">4. Bart\u0142omiej Bochen kl. I<\/span><\/strong><\/p>\nngg_shortcode_0_placeholder\n","protected":false},"excerpt":{"rendered":"<p>&nbsp;&nbsp;&nbsp;&nbsp; W ramach akcji edukacyjnej ,,\u015awi\u0119to drzewa\u201d uczniowie m\u0142odszych klas szko\u0142y podstawowej wzi\u0119li udzia\u0142 w konkursie plastycznym organizowanym przez Roztocza\u0144ski Park Narodowy pt.,,Drzewa maj\u0105 moc\u201d. &nbsp;&nbsp; Celem konkursu by\u0142o promowanie dzia\u0142a\u0144 proekologicznych, aktywna ochrona i gatunk\u00f3w wyst\u0119puj\u0105cych na terenie RPN. &hellip; <a href=\"https:\/\/zshorodlo.pl\/?p=37086\">Czytaj dalej <span class=\"meta-nav\">&rarr;<\/span><\/a><\/p>\n","protected":false},"author":3,"featured_media":0,"comment_status":"closed","ping_status":"open","sticky":false,"template":"","format":"standard","meta":{"ngg_post_thumbnail":0,"footnotes":""},"categories":[3],"tags":[],"_links":{"self":[{"href":"https:\/\/zshorodlo.pl\/index.php?rest_route=\/wp\/v2\/posts\/37086"}],"collection":[{"href":"https:\/\/zshorodlo.pl\/index.php?rest_route=\/wp\/v2\/posts"}],"about":[{"href":"https:\/\/zshorodlo.pl\/index.php?rest_route=\/wp\/v2\/types\/post"}],"author":[{"embeddable":true,"href":"https:\/\/zshorodlo.pl\/index.php?rest_route=\/wp\/v2\/users\/3"}],"replies":[{"embeddable":true,"href":"https:\/\/zshorodlo.pl\/index.php?rest_route=%2Fwp%2Fv2%2Fcomments&post=37086"}],"version-history":[{"count":2,"href":"https:\/\/zshorodlo.pl\/index.php?rest_route=\/wp\/v2\/posts\/37086\/revisions"}],"predecessor-version":[{"id":37097,"href":"https:\/\/zshorodlo.pl\/index.php?rest_route=\/wp\/v2\/posts\/37086\/revisions\/37097"}],"wp:attachment":[{"href":"https:\/\/zshorodlo.pl\/index.php?rest_route=%2Fwp%2Fv2%2Fmedia&parent=37086"}],"wp:term":[{"taxonomy":"category","embeddable":true,"href":"https:\/\/zshorodlo.pl\/index.php?rest_route=%2Fwp%2Fv2%2Fcategories&post=37086"},{"taxonomy":"post_tag","embeddable":true,"href":"https:\/\/zshorodlo.pl\/index.php?rest_route=%2Fwp%2Fv2%2Ftags&post=37086"}],"curies":[{"name":"wp","href":"https:\/\/api.w.org\/{rel}","templated":true}]}}