{"id":37014,"date":"2022-10-28T20:23:37","date_gmt":"2022-10-28T18:23:37","guid":{"rendered":"http:\/\/zshorodlo.pl\/?p=37014"},"modified":"2022-10-29T10:00:40","modified_gmt":"2022-10-29T08:00:40","slug":"37014","status":"publish","type":"post","link":"https:\/\/zshorodlo.pl\/?p=37014","title":{"rendered":""},"content":{"rendered":"<p style=\"text-align: justify;\"><a href=\"http:\/\/zshorodlo.pl\/?attachment_id=37015\" rel=\"attachment wp-att-37015\"><img loading=\"lazy\" decoding=\"async\" class=\"aligncenter size-full wp-image-37015\" src=\"http:\/\/zshorodlo.pl\/wp-content\/uploads\/2022\/10\/szkola.jpg\" alt=\"\" width=\"369\" height=\"128\" srcset=\"https:\/\/zshorodlo.pl\/wp-content\/uploads\/2022\/10\/szkola.jpg 369w, https:\/\/zshorodlo.pl\/wp-content\/uploads\/2022\/10\/szkola-300x104.jpg 300w\" sizes=\"(max-width: 369px) 100vw, 369px\" \/><\/a><span style=\"font-family: verdana, geneva, sans-serif;\"> &nbsp;&nbsp;&nbsp;&nbsp;&nbsp; <strong>26 i 27 pa\u017adziernika<\/strong> uczniowie szko\u0142y podstawowej i liceum, podobnie jak w roku ubieg\u0142ym w ramach akcji #Szko\u0142a Pami\u0119ta, odwiedzili okoliczne cmentarze, by uporz\u0105dkowa\u0107 groby os\u00f3b zas\u0142u\u017conych dla szkolnej i lokalnej spo\u0142eczno\u015bci oraz bezimienne mogi\u0142y poleg\u0142ych \u017co\u0142nierzy. W Matczu uczniowie wys\u0142uchali historii o \u017co\u0142nierzu Stanis\u0142awie Jankowskim, kt\u00f3ry zgin\u0105\u0142 w pierwszych dniach II wojny \u015bwiatowej i zosta\u0142 pochowany na miejscowym cmentarzu wojskowym. Opr\u00f3cz prac porz\u0105dkowych z\u0142o\u017cono kwiaty i zapalono znicze na grobach zmar\u0142ych nauczycieli: \u015bp. Stanis\u0142awy Bojarskiej, \u015bp. Aleksandry Sadownikowej oraz \u015bp. Irminy Jonak.<\/span><\/p>\nngg_shortcode_0_placeholder\n","protected":false},"excerpt":{"rendered":"<p>&nbsp;&nbsp;&nbsp;&nbsp;&nbsp; 26 i 27 pa\u017adziernika uczniowie szko\u0142y podstawowej i liceum, podobnie jak w roku ubieg\u0142ym w ramach akcji #Szko\u0142a Pami\u0119ta, odwiedzili okoliczne cmentarze, by uporz\u0105dkowa\u0107 groby os\u00f3b zas\u0142u\u017conych dla szkolnej i lokalnej spo\u0142eczno\u015bci oraz bezimienne mogi\u0142y poleg\u0142ych \u017co\u0142nierzy. W Matczu &hellip; <a href=\"https:\/\/zshorodlo.pl\/?p=37014\">Czytaj dalej <span class=\"meta-nav\">&rarr;<\/span><\/a><\/p>\n","protected":false},"author":3,"featured_media":0,"comment_status":"closed","ping_status":"open","sticky":false,"template":"","format":"standard","meta":{"ngg_post_thumbnail":0,"footnotes":""},"categories":[5],"tags":[],"_links":{"self":[{"href":"https:\/\/zshorodlo.pl\/index.php?rest_route=\/wp\/v2\/posts\/37014"}],"collection":[{"href":"https:\/\/zshorodlo.pl\/index.php?rest_route=\/wp\/v2\/posts"}],"about":[{"href":"https:\/\/zshorodlo.pl\/index.php?rest_route=\/wp\/v2\/types\/post"}],"author":[{"embeddable":true,"href":"https:\/\/zshorodlo.pl\/index.php?rest_route=\/wp\/v2\/users\/3"}],"replies":[{"embeddable":true,"href":"https:\/\/zshorodlo.pl\/index.php?rest_route=%2Fwp%2Fv2%2Fcomments&post=37014"}],"version-history":[{"count":2,"href":"https:\/\/zshorodlo.pl\/index.php?rest_route=\/wp\/v2\/posts\/37014\/revisions"}],"predecessor-version":[{"id":37082,"href":"https:\/\/zshorodlo.pl\/index.php?rest_route=\/wp\/v2\/posts\/37014\/revisions\/37082"}],"wp:attachment":[{"href":"https:\/\/zshorodlo.pl\/index.php?rest_route=%2Fwp%2Fv2%2Fmedia&parent=37014"}],"wp:term":[{"taxonomy":"category","embeddable":true,"href":"https:\/\/zshorodlo.pl\/index.php?rest_route=%2Fwp%2Fv2%2Fcategories&post=37014"},{"taxonomy":"post_tag","embeddable":true,"href":"https:\/\/zshorodlo.pl\/index.php?rest_route=%2Fwp%2Fv2%2Ftags&post=37014"}],"curies":[{"name":"wp","href":"https:\/\/api.w.org\/{rel}","templated":true}]}}