{"id":36989,"date":"2022-10-26T12:22:51","date_gmt":"2022-10-26T10:22:51","guid":{"rendered":"http:\/\/zshorodlo.pl\/?p=36989"},"modified":"2022-10-27T11:37:00","modified_gmt":"2022-10-27T09:37:00","slug":"lat-szkolnego-kola-caritas-w-horodle","status":"publish","type":"post","link":"https:\/\/zshorodlo.pl\/?p=36989","title":{"rendered":"20 LAT SZKOLNEGO KO\u0141A CARITAS W HORODLE"},"content":{"rendered":"<p style=\"text-align: justify;\"><span style=\"font-family: verdana, geneva, sans-serif;\">&nbsp;&nbsp;&nbsp; W roku szkolnym 2022\/23 prze\u017cywamy 20-rocznic\u0119 powo\u0142ania Szkolnego Ko\u0142a Caritas. Oficjalnie mia\u0142o to miejsce 5 XII 2002 r. w obecno\u015bci dyrektora Caritas Diecezji Zamojsko-Lubaczowskiej ks. pra\u0142ata Andrzeja Puzona, ks. kanonika Henryka Krukowskiego \u2013 proboszcza parafii i pani dyrektor Szko\u0142y Podstawowej w Horodle Jolanty Stonawskiej. Pierwsi cz\u0142onkowie Ko\u0142a to wolontariusze z V i VI klasy \u0142\u0105cznie 22 uczni\u00f3w.<br \/>\n20 lat dzia\u0142alno\u015bci to wysi\u0142ek wielu wolontariuszy \u2013 dzieci, m\u0142odzie\u017cy i doros\u0142ych. W tym czasie fundowali\u015bmy obiady, zbierali\u015bmy \u017cywno\u015b\u0107 dla najbardziej potrzebuj\u0105cych, wysy\u0142ali\u015bmy dzieci na kolonie letnie, umo\u017cliwiali\u015bmy udzia\u0142 w programach stypendialnych dla dzieci i m\u0142odzie\u017cy \u2013 Skrzyd\u0142a i Dwa Talenty. Pomagali\u015bmy seniorom przy zakupach w Biedronce w ramach programu Na codzienne zakupy. Uczestniczyli\u015bmy w wielu zbi\u00f3rkach do puszek dla szczeg\u00f3lnie potrzebuj\u0105cych. Organizowali\u015bmy sportowe turnieje charytatywne. Udzielali\u015bmy si\u0119 w punkcie recepcyjnym w Horodle w pierwszych miesi\u0105cach wojny w Ukrainie.<br \/>\n<\/span><span style=\"font-family: verdana, geneva, sans-serif;\">W dniu 23 pa\u017adziernika 2022 roku zosta\u0142a odprawiona msza \u015bw., kt\u00f3r\u0105 celebrowali ks. dr Zygmunt Jagie\u0142\u0142o \u2013 sekretarz Caritas Diecezji Zamojsko-Lubaczowskiej i ks. Daniel Pachla \u2013 proboszcz parafii pod wezwaniem \u015bw. Jacka i Matki Bo\u017cej R\u00f3\u017ca\u0144cowej w Horodle. Ksi\u0105dz Jagie\u0142\u0142o wyg\u0142osi\u0142 kazanie, nawi\u0105zuj\u0105c do historii naszego Ko\u0142a oraz istoty bycia wolontariuszem. Uroczysto\u015b\u0107 u\u015bwietnili swoj\u0105 obecno\u015bci\u0105 go\u015bcie: w\u00f3jt gminy Horod\u0142o \u2013 pan Krzysztof Bo\u017cek, sekretarz gminy \u2013 pan Grzegorz Je\u017cyna, dyrektor Zespo\u0142u Szk\u00f3\u0142 w Horodle \u2013 pan Jan Hajkowski, zast\u0119pcy dyrektora \u2013 pani Edyta Woroniewicz-Fornal i pani Agnieszka Harpeniuk. Wa\u017cn\u0105 rol\u0119 spe\u0142nili nasi sponsorzy: pa\u0144stwo Iwona i Grzegorz Hunkiewiczowie oraz Bernadetta i Wies\u0142aw Szl\u0105zakowie, wspieraj\u0105c organizacj\u0119 wydarzenia.<br \/>\n<\/span><span style=\"font-family: verdana, geneva, sans-serif;\"> Dzia\u0142alno\u015b\u0107 SKC spotka\u0142a si\u0119 z du\u017cym uznaniem ze strony dyrektora Caritas Diecezji Zamojsko &#8211; Lubaczowskiej ks. Marcina Jakubiaka, kt\u00f3ry przekaza\u0142 podzi\u0119kowania i \u017cyczenia na kolejne lata pracy. Uroczysto\u015b\u0107 zosta\u0142a zako\u0144czona wzruszaj\u0105cym koncertem muzyki religijno-patriotycznej w wykonaniu zespo\u0142u Hubal z Hrubieszowa.<br \/>\nngg_shortcode_0_placeholder<br \/>\n<\/span><\/p>\n","protected":false},"excerpt":{"rendered":"<p>&nbsp;&nbsp;&nbsp; W roku szkolnym 2022\/23 prze\u017cywamy 20-rocznic\u0119 powo\u0142ania Szkolnego Ko\u0142a Caritas. Oficjalnie mia\u0142o to miejsce 5 XII 2002 r. w obecno\u015bci dyrektora Caritas Diecezji Zamojsko-Lubaczowskiej ks. pra\u0142ata Andrzeja Puzona, ks. kanonika Henryka Krukowskiego \u2013 proboszcza parafii i pani dyrektor Szko\u0142y &hellip; <a href=\"https:\/\/zshorodlo.pl\/?p=36989\">Czytaj dalej <span class=\"meta-nav\">&rarr;<\/span><\/a><\/p>\n","protected":false},"author":3,"featured_media":0,"comment_status":"closed","ping_status":"open","sticky":false,"template":"","format":"standard","meta":{"ngg_post_thumbnail":0,"footnotes":""},"categories":[5],"tags":[],"_links":{"self":[{"href":"https:\/\/zshorodlo.pl\/index.php?rest_route=\/wp\/v2\/posts\/36989"}],"collection":[{"href":"https:\/\/zshorodlo.pl\/index.php?rest_route=\/wp\/v2\/posts"}],"about":[{"href":"https:\/\/zshorodlo.pl\/index.php?rest_route=\/wp\/v2\/types\/post"}],"author":[{"embeddable":true,"href":"https:\/\/zshorodlo.pl\/index.php?rest_route=\/wp\/v2\/users\/3"}],"replies":[{"embeddable":true,"href":"https:\/\/zshorodlo.pl\/index.php?rest_route=%2Fwp%2Fv2%2Fcomments&post=36989"}],"version-history":[{"count":3,"href":"https:\/\/zshorodlo.pl\/index.php?rest_route=\/wp\/v2\/posts\/36989\/revisions"}],"predecessor-version":[{"id":37012,"href":"https:\/\/zshorodlo.pl\/index.php?rest_route=\/wp\/v2\/posts\/36989\/revisions\/37012"}],"wp:attachment":[{"href":"https:\/\/zshorodlo.pl\/index.php?rest_route=%2Fwp%2Fv2%2Fmedia&parent=36989"}],"wp:term":[{"taxonomy":"category","embeddable":true,"href":"https:\/\/zshorodlo.pl\/index.php?rest_route=%2Fwp%2Fv2%2Fcategories&post=36989"},{"taxonomy":"post_tag","embeddable":true,"href":"https:\/\/zshorodlo.pl\/index.php?rest_route=%2Fwp%2Fv2%2Ftags&post=36989"}],"curies":[{"name":"wp","href":"https:\/\/api.w.org\/{rel}","templated":true}]}}