{"id":36946,"date":"2022-10-16T10:47:27","date_gmt":"2022-10-16T08:47:27","guid":{"rendered":"http:\/\/zshorodlo.pl\/?p=36946"},"modified":"2022-10-18T10:52:27","modified_gmt":"2022-10-18T08:52:27","slug":"dzien-edukacji-narodowej-3","status":"publish","type":"post","link":"https:\/\/zshorodlo.pl\/?p=36946","title":{"rendered":"DZIE\u0143 EDUKACJI NARODOWEJ"},"content":{"rendered":"<p align=\"justify\"><span style=\"font-family: verdana, geneva, sans-serif;\">&nbsp;&nbsp;&nbsp; <strong>13 pa\u017adziernika<\/strong> w Zespole Szk\u00f3\u0142 w Horodle mia\u0142a miejsce uroczysta akademia z okazji Dnia Edukacji Narodowej.<\/span><br \/>\n<span style=\"font-family: verdana, geneva, sans-serif;\">Spotkanie ca\u0142ej spo\u0142eczno\u015bci szkolnej rozpocz\u0119\u0142o si\u0119 od przem\u00f3wienia pana dyrektora Jana Hajkowskiego, kt\u00f3ry z\u0142o\u017cy\u0142 \u017cyczenia wszystkim obecnym i emerytowanym pracownikom szko\u0142y, a tak\u017ce wr\u0119czy\u0142 nagrody za szczeg\u00f3lne osi\u0105gni\u0119cia dydaktyczne i wychowawcze oraz prac\u0119 na rzecz szko\u0142y.<\/span><br \/>\n<span style=\"font-family: verdana, geneva, sans-serif;\">Wiele ciep\u0142ych s\u0142\u00f3w pad\u0142o te\u017c ze strony go\u015bci, kt\u00f3rzy u\u015bwietnili akademi\u0119 swoj\u0105 obecno\u015bci\u0105, a byli to: W\u00f3jt Gminy Horod\u0142o \u2013 pan Krzysztof Bo\u017cek, Sekretarz Gminy Horod\u0142o \u2013 pan Grzegorz Je\u017cyna, Przewodnicz\u0105cy Rady Gminy Horod\u0142o \u2013 pan Pawe\u0142 K\u0142osi\u0144ski. <\/span><br \/>\n<span style=\"font-family: verdana, geneva, sans-serif;\">Zwie\u0144czeniem uroczysto\u015bci by\u0142o uroczyste \u015blubowanie, w wyniku kt\u00f3rego 16 uczni\u00f3w klasy pierwszej Szko\u0142y Podstawowej im. W\u0142adys\u0142awa Jagie\u0142\u0142y oraz 22 uczni\u00f3w klasy pierwszej Liceum Og\u00f3lnokszta\u0142c\u0105cego w Horodle zosta\u0142o oficjalnie przyj\u0119tych do grona spo\u0142eczno\u015bci uczniowskiej.&nbsp;&nbsp;<\/span><\/p>\n<p align=\"justify\">ngg_shortcode_0_placeholder<\/p>\n","protected":false},"excerpt":{"rendered":"<p>&nbsp;&nbsp;&nbsp; 13 pa\u017adziernika w Zespole Szk\u00f3\u0142 w Horodle mia\u0142a miejsce uroczysta akademia z okazji Dnia Edukacji Narodowej. Spotkanie ca\u0142ej spo\u0142eczno\u015bci szkolnej rozpocz\u0119\u0142o si\u0119 od przem\u00f3wienia pana dyrektora Jana Hajkowskiego, kt\u00f3ry z\u0142o\u017cy\u0142 \u017cyczenia wszystkim obecnym i emerytowanym pracownikom szko\u0142y, a tak\u017ce &hellip; <a href=\"https:\/\/zshorodlo.pl\/?p=36946\">Czytaj dalej <span class=\"meta-nav\">&rarr;<\/span><\/a><\/p>\n","protected":false},"author":3,"featured_media":0,"comment_status":"closed","ping_status":"open","sticky":false,"template":"","format":"standard","meta":{"ngg_post_thumbnail":0,"footnotes":""},"categories":[5],"tags":[],"_links":{"self":[{"href":"https:\/\/zshorodlo.pl\/index.php?rest_route=\/wp\/v2\/posts\/36946"}],"collection":[{"href":"https:\/\/zshorodlo.pl\/index.php?rest_route=\/wp\/v2\/posts"}],"about":[{"href":"https:\/\/zshorodlo.pl\/index.php?rest_route=\/wp\/v2\/types\/post"}],"author":[{"embeddable":true,"href":"https:\/\/zshorodlo.pl\/index.php?rest_route=\/wp\/v2\/users\/3"}],"replies":[{"embeddable":true,"href":"https:\/\/zshorodlo.pl\/index.php?rest_route=%2Fwp%2Fv2%2Fcomments&post=36946"}],"version-history":[{"count":2,"href":"https:\/\/zshorodlo.pl\/index.php?rest_route=\/wp\/v2\/posts\/36946\/revisions"}],"predecessor-version":[{"id":36970,"href":"https:\/\/zshorodlo.pl\/index.php?rest_route=\/wp\/v2\/posts\/36946\/revisions\/36970"}],"wp:attachment":[{"href":"https:\/\/zshorodlo.pl\/index.php?rest_route=%2Fwp%2Fv2%2Fmedia&parent=36946"}],"wp:term":[{"taxonomy":"category","embeddable":true,"href":"https:\/\/zshorodlo.pl\/index.php?rest_route=%2Fwp%2Fv2%2Fcategories&post=36946"},{"taxonomy":"post_tag","embeddable":true,"href":"https:\/\/zshorodlo.pl\/index.php?rest_route=%2Fwp%2Fv2%2Ftags&post=36946"}],"curies":[{"name":"wp","href":"https:\/\/api.w.org\/{rel}","templated":true}]}}