{"id":36939,"date":"2022-10-12T09:02:55","date_gmt":"2022-10-12T07:02:55","guid":{"rendered":"http:\/\/zshorodlo.pl\/?p=36939"},"modified":"2022-10-12T09:02:55","modified_gmt":"2022-10-12T07:02:55","slug":"konkurs-plastyczny-kolory-niepodleglosci","status":"publish","type":"post","link":"https:\/\/zshorodlo.pl\/?p=36939","title":{"rendered":"KONKURS PLASTYCZNY ,,KOLORY NIEPODLEG\u0141O\u015aCI\u201d"},"content":{"rendered":"<p style=\"text-align: justify;\"><span style=\"font-family: verdana, geneva, sans-serif;\">&nbsp;&nbsp;&nbsp;&nbsp;<strong> 5 pa\u017adziernika 2022r.<\/strong> odby\u0142 si\u0119 mi\u0119dzyklasowy konkurs plastyczny pt.: ,,Kolory Niepodleg\u0142o\u015bci\u201d pod honorowym patronatem Prezesa Rady Ministr\u00f3w Mateusza Morawieckiego. Konkurs mia\u0142 na celu:<br \/>\n<\/span><span style=\"font-family: verdana, geneva, sans-serif;\"><i><b>1.Wspieranie postaw patriotycznych i szacunku do symboli narodowych.<br \/>\n<\/b><\/i><\/span><span style=\"font-family: verdana, geneva, sans-serif;\"><i><b>2. Podtrzymywanie i upowszechnianie tradycji narodowej.<\/b><\/i><\/span><\/p>\n<p><span style=\"font-family: verdana, geneva, sans-serif;\">W konkursie wzi\u0119\u0142o udzia\u0142 5 uczni\u00f3w:<br \/>\n<\/span><span style=\"font-family: verdana, geneva, sans-serif;\">1. Wiktor Nowaczewski &#8211; kl II<br \/>\n<\/span><span style=\"font-family: verdana, geneva, sans-serif;\">2. Bart\u0142omiej Bochen &#8211; kl. I<br \/>\n<\/span><span style=\"font-family: verdana, geneva, sans-serif;\">3. Patryk B\u0105czkowski &#8211; kl. I<br \/>\n4. <\/span><span style=\"font-family: verdana, geneva, sans-serif;\">Klaudia Najuch &#8211; kl. I<br \/>\n5.Michalina Piszka &#8211; kl. I<\/span><\/p>\n<p style=\"text-align: justify;\"><span style=\"font-family: verdana, geneva, sans-serif;\">Nad ca\u0142o\u015bci\u0105 czuwa\u0142o niezale\u017cne jury. Do etapu powiatowego konkursu przeszli: <u>Bart\u0142omiej Bochen, Michalina Piszka, Klaudia Najuch. <\/u><\/span><\/p>\n<p style=\"text-align: justify;\"><span style=\"font-family: verdana, geneva, sans-serif;\">Wszystkim uczestnikom i laureatom serdecznie gratulujemy!<\/span><\/p>\n<p><a href=\"http:\/\/zshorodlo.pl\/?attachment_id=36940\" rel=\"attachment wp-att-36940\"><img loading=\"lazy\" decoding=\"async\" class=\"aligncenter size-full wp-image-36940\" src=\"http:\/\/zshorodlo.pl\/wp-content\/uploads\/2022\/10\/IMG_0604.jpg\" alt=\"\" width=\"1067\" height=\"800\" srcset=\"https:\/\/zshorodlo.pl\/wp-content\/uploads\/2022\/10\/IMG_0604.jpg 1067w, https:\/\/zshorodlo.pl\/wp-content\/uploads\/2022\/10\/IMG_0604-300x225.jpg 300w, https:\/\/zshorodlo.pl\/wp-content\/uploads\/2022\/10\/IMG_0604-1024x768.jpg 1024w, https:\/\/zshorodlo.pl\/wp-content\/uploads\/2022\/10\/IMG_0604-768x576.jpg 768w, https:\/\/zshorodlo.pl\/wp-content\/uploads\/2022\/10\/IMG_0604-400x300.jpg 400w\" sizes=\"(max-width: 1067px) 100vw, 1067px\" \/><\/a><\/p>\n","protected":false},"excerpt":{"rendered":"<p>&nbsp;&nbsp;&nbsp;&nbsp; 5 pa\u017adziernika 2022r. odby\u0142 si\u0119 mi\u0119dzyklasowy konkurs plastyczny pt.: ,,Kolory Niepodleg\u0142o\u015bci\u201d pod honorowym patronatem Prezesa Rady Ministr\u00f3w Mateusza Morawieckiego. Konkurs mia\u0142 na celu: 1.Wspieranie postaw patriotycznych i szacunku do symboli narodowych. 2. Podtrzymywanie i upowszechnianie tradycji narodowej. W konkursie &hellip; <a href=\"https:\/\/zshorodlo.pl\/?p=36939\">Czytaj dalej <span class=\"meta-nav\">&rarr;<\/span><\/a><\/p>\n","protected":false},"author":3,"featured_media":0,"comment_status":"closed","ping_status":"open","sticky":false,"template":"","format":"standard","meta":{"ngg_post_thumbnail":0,"footnotes":""},"categories":[3],"tags":[],"_links":{"self":[{"href":"https:\/\/zshorodlo.pl\/index.php?rest_route=\/wp\/v2\/posts\/36939"}],"collection":[{"href":"https:\/\/zshorodlo.pl\/index.php?rest_route=\/wp\/v2\/posts"}],"about":[{"href":"https:\/\/zshorodlo.pl\/index.php?rest_route=\/wp\/v2\/types\/post"}],"author":[{"embeddable":true,"href":"https:\/\/zshorodlo.pl\/index.php?rest_route=\/wp\/v2\/users\/3"}],"replies":[{"embeddable":true,"href":"https:\/\/zshorodlo.pl\/index.php?rest_route=%2Fwp%2Fv2%2Fcomments&post=36939"}],"version-history":[{"count":1,"href":"https:\/\/zshorodlo.pl\/index.php?rest_route=\/wp\/v2\/posts\/36939\/revisions"}],"predecessor-version":[{"id":36941,"href":"https:\/\/zshorodlo.pl\/index.php?rest_route=\/wp\/v2\/posts\/36939\/revisions\/36941"}],"wp:attachment":[{"href":"https:\/\/zshorodlo.pl\/index.php?rest_route=%2Fwp%2Fv2%2Fmedia&parent=36939"}],"wp:term":[{"taxonomy":"category","embeddable":true,"href":"https:\/\/zshorodlo.pl\/index.php?rest_route=%2Fwp%2Fv2%2Fcategories&post=36939"},{"taxonomy":"post_tag","embeddable":true,"href":"https:\/\/zshorodlo.pl\/index.php?rest_route=%2Fwp%2Fv2%2Ftags&post=36939"}],"curies":[{"name":"wp","href":"https:\/\/api.w.org\/{rel}","templated":true}]}}