{"id":36929,"date":"2022-10-10T11:41:12","date_gmt":"2022-10-10T09:41:12","guid":{"rendered":"http:\/\/zshorodlo.pl\/?p=36929"},"modified":"2022-10-10T11:46:01","modified_gmt":"2022-10-10T09:46:01","slug":"europejski-dzien-jezykow-obcych-7","status":"publish","type":"post","link":"https:\/\/zshorodlo.pl\/?p=36929","title":{"rendered":"EUROPEJSKI DZIE\u0143 J\u0118ZYK\u00d3W OBCYCH"},"content":{"rendered":"<div dir=\"auto\">\n<div dir=\"auto\" style=\"text-align: justify;\"><span style=\"font-family: verdana, geneva, sans-serif;\">&nbsp;&nbsp;&nbsp;&nbsp;&nbsp; W ramach Europejskiego Dnia J\u0119zyk\u00f3w Obcych uczniowie klas 4-8 mieli mo\u017cliwo\u015b\u0107 uczestnictwa w konkursie j\u0119zykowo-plastycznym. W tym celu nale\u017ca\u0142o przygotowa\u0107 plakat promuj\u0105cy nauk\u0119 j\u0119zyk\u00f3w obcych. Troje \u015bmia\u0142k\u00f3w godnie reprezentowa\u0142o swoje klasy i tym samym uczniowie ci stan\u0119li na podium. Oto wyniki konkursu:<\/span><\/div>\n<div dir=\"auto\" style=\"text-align: justify;\"><span style=\"font-family: verdana, geneva, sans-serif;\">I miejsce &#8211; Julia Jerzyna, kl. 5<\/span><\/div>\n<div dir=\"auto\" style=\"text-align: justify;\"><span style=\"font-family: verdana, geneva, sans-serif;\">II miejsce &#8211; Julia Chmielewska, kl. 5<\/span><\/div>\n<div dir=\"auto\" style=\"text-align: justify;\"><span style=\"font-family: verdana, geneva, sans-serif;\">III miejsce &#8211; Karol Zaj\u0105c, kl. 4<\/span><\/div>\n<div dir=\"auto\" style=\"text-align: justify;\"><span style=\"font-family: verdana, geneva, sans-serif;\">Zwyci\u0119zcom serdecznie gratulujemy i zach\u0119camy do udzia\u0142u w kolejnych konkursach j\u0119zykowych.<\/span><\/div>\n<div dir=\"auto\">ngg_shortcode_0_placeholder<\/div>\n<\/div>\n","protected":false},"excerpt":{"rendered":"<p>&nbsp;&nbsp;&nbsp;&nbsp;&nbsp; W ramach Europejskiego Dnia J\u0119zyk\u00f3w Obcych uczniowie klas 4-8 mieli mo\u017cliwo\u015b\u0107 uczestnictwa w konkursie j\u0119zykowo-plastycznym. W tym celu nale\u017ca\u0142o przygotowa\u0107 plakat promuj\u0105cy nauk\u0119 j\u0119zyk\u00f3w obcych. Troje \u015bmia\u0142k\u00f3w godnie reprezentowa\u0142o swoje klasy i tym samym uczniowie ci stan\u0119li na podium. &hellip; <a href=\"https:\/\/zshorodlo.pl\/?p=36929\">Czytaj dalej <span class=\"meta-nav\">&rarr;<\/span><\/a><\/p>\n","protected":false},"author":3,"featured_media":0,"comment_status":"closed","ping_status":"open","sticky":false,"template":"","format":"standard","meta":{"ngg_post_thumbnail":0,"footnotes":""},"categories":[3],"tags":[],"_links":{"self":[{"href":"https:\/\/zshorodlo.pl\/index.php?rest_route=\/wp\/v2\/posts\/36929"}],"collection":[{"href":"https:\/\/zshorodlo.pl\/index.php?rest_route=\/wp\/v2\/posts"}],"about":[{"href":"https:\/\/zshorodlo.pl\/index.php?rest_route=\/wp\/v2\/types\/post"}],"author":[{"embeddable":true,"href":"https:\/\/zshorodlo.pl\/index.php?rest_route=\/wp\/v2\/users\/3"}],"replies":[{"embeddable":true,"href":"https:\/\/zshorodlo.pl\/index.php?rest_route=%2Fwp%2Fv2%2Fcomments&post=36929"}],"version-history":[{"count":2,"href":"https:\/\/zshorodlo.pl\/index.php?rest_route=\/wp\/v2\/posts\/36929\/revisions"}],"predecessor-version":[{"id":36938,"href":"https:\/\/zshorodlo.pl\/index.php?rest_route=\/wp\/v2\/posts\/36929\/revisions\/36938"}],"wp:attachment":[{"href":"https:\/\/zshorodlo.pl\/index.php?rest_route=%2Fwp%2Fv2%2Fmedia&parent=36929"}],"wp:term":[{"taxonomy":"category","embeddable":true,"href":"https:\/\/zshorodlo.pl\/index.php?rest_route=%2Fwp%2Fv2%2Fcategories&post=36929"},{"taxonomy":"post_tag","embeddable":true,"href":"https:\/\/zshorodlo.pl\/index.php?rest_route=%2Fwp%2Fv2%2Ftags&post=36929"}],"curies":[{"name":"wp","href":"https:\/\/api.w.org\/{rel}","templated":true}]}}