{"id":36660,"date":"2022-09-08T23:06:01","date_gmt":"2022-09-08T21:06:01","guid":{"rendered":"http:\/\/zshorodlo.pl\/?p=36660"},"modified":"2022-09-09T10:53:18","modified_gmt":"2022-09-09T08:53:18","slug":"rozpoczecie-roku-szkolnego-2022-2023","status":"publish","type":"post","link":"https:\/\/zshorodlo.pl\/?p=36660","title":{"rendered":"ROZPOCZ\u0118CIE ROKU SZKOLNEGO 2022\/2023"},"content":{"rendered":"<p style=\"text-align: justify;\"><a href=\"http:\/\/zshorodlo.pl\/?attachment_id=36661\" rel=\"attachment wp-att-36661\"><img loading=\"lazy\" decoding=\"async\" class=\"aligncenter size-full wp-image-36661\" src=\"http:\/\/zshorodlo.pl\/wp-content\/uploads\/2022\/09\/back-to-school-211.jpg\" alt=\"\" width=\"500\" height=\"269\" srcset=\"https:\/\/zshorodlo.pl\/wp-content\/uploads\/2022\/09\/back-to-school-211.jpg 500w, https:\/\/zshorodlo.pl\/wp-content\/uploads\/2022\/09\/back-to-school-211-300x161.jpg 300w\" sizes=\"(max-width: 500px) 100vw, 500px\" \/><\/a><span style=\"font-family: verdana, geneva, sans-serif;\"> &nbsp;&nbsp; 1 wrze\u015bnia 262 uczni\u00f3w rozpocz\u0119\u0142o nauk\u0119 w Zespole Szk\u00f3\u0142 w Horodle. Inauguracj\u0119 poprzedzi\u0142a msza \u015bw. w ko\u015bciele parafialnym. Nast\u0119pnie wszyscy spotkali si\u0119 na uroczystym apelu przed budynkiem szko\u0142y.<\/span><br \/>\n<span style=\"font-family: verdana, geneva, sans-serif;\">&nbsp;&nbsp; Pan Dyrektor Jan Hajkowski powita\u0142 przyby\u0142ych uczni\u00f3w, nauczycieli, rodzic\u00f3w, a tak\u017ce zaproszonych go\u015bci: Pana Krzysztofa Bo\u017cka &#8211; W\u00f3jta Gminy Horod\u0142o oraz Pana mjr Krzysztofa Paszko &#8211; Komendanta Plac\u00f3wki Stra\u017cy Granicznej.<\/span><br \/>\n<span style=\"font-family: verdana, geneva, sans-serif;\">&nbsp;&nbsp; W swoich przem\u00f3wieniach zar\u00f3wno Pan Dyrektor jak i Pan W\u00f3jt \u017cyczyli naszym podopiecznym wspania\u0142ych ocen w szkole oraz sukces\u00f3w w zdobywaniu wiedzy, a nauczycielom cierpliwo\u015bci i satysfakcji z wykonywanej pracy. Szczeg\u00f3lnie ciep\u0142e s\u0142owa skierowano do uczni\u00f3w, kt\u00f3rzy pierwszy raz przekroczyli pr\u00f3g naszej szko\u0142y.<\/span><br \/>\n<span style=\"font-family: verdana, geneva, sans-serif;\">&nbsp;&nbsp;&nbsp; Po cz\u0119\u015bci oficjalnej wszyscy z entuzjazmem udali si\u0119 do klas na spotkania z wychowawcami.<\/span><\/p>\nngg_shortcode_0_placeholder\n","protected":false},"excerpt":{"rendered":"<p>&nbsp;&nbsp; 1 wrze\u015bnia 262 uczni\u00f3w rozpocz\u0119\u0142o nauk\u0119 w Zespole Szk\u00f3\u0142 w Horodle. Inauguracj\u0119 poprzedzi\u0142a msza \u015bw. w ko\u015bciele parafialnym. Nast\u0119pnie wszyscy spotkali si\u0119 na uroczystym apelu przed budynkiem szko\u0142y. &nbsp;&nbsp; Pan Dyrektor Jan Hajkowski powita\u0142 przyby\u0142ych uczni\u00f3w, nauczycieli, rodzic\u00f3w, a &hellip; <a href=\"https:\/\/zshorodlo.pl\/?p=36660\">Czytaj dalej <span class=\"meta-nav\">&rarr;<\/span><\/a><\/p>\n","protected":false},"author":3,"featured_media":0,"comment_status":"closed","ping_status":"open","sticky":false,"template":"","format":"standard","meta":{"ngg_post_thumbnail":0,"footnotes":""},"categories":[5],"tags":[],"_links":{"self":[{"href":"https:\/\/zshorodlo.pl\/index.php?rest_route=\/wp\/v2\/posts\/36660"}],"collection":[{"href":"https:\/\/zshorodlo.pl\/index.php?rest_route=\/wp\/v2\/posts"}],"about":[{"href":"https:\/\/zshorodlo.pl\/index.php?rest_route=\/wp\/v2\/types\/post"}],"author":[{"embeddable":true,"href":"https:\/\/zshorodlo.pl\/index.php?rest_route=\/wp\/v2\/users\/3"}],"replies":[{"embeddable":true,"href":"https:\/\/zshorodlo.pl\/index.php?rest_route=%2Fwp%2Fv2%2Fcomments&post=36660"}],"version-history":[{"count":2,"href":"https:\/\/zshorodlo.pl\/index.php?rest_route=\/wp\/v2\/posts\/36660\/revisions"}],"predecessor-version":[{"id":36675,"href":"https:\/\/zshorodlo.pl\/index.php?rest_route=\/wp\/v2\/posts\/36660\/revisions\/36675"}],"wp:attachment":[{"href":"https:\/\/zshorodlo.pl\/index.php?rest_route=%2Fwp%2Fv2%2Fmedia&parent=36660"}],"wp:term":[{"taxonomy":"category","embeddable":true,"href":"https:\/\/zshorodlo.pl\/index.php?rest_route=%2Fwp%2Fv2%2Fcategories&post=36660"},{"taxonomy":"post_tag","embeddable":true,"href":"https:\/\/zshorodlo.pl\/index.php?rest_route=%2Fwp%2Fv2%2Ftags&post=36660"}],"curies":[{"name":"wp","href":"https:\/\/api.w.org\/{rel}","templated":true}]}}