{"id":35897,"date":"2021-11-30T10:58:14","date_gmt":"2021-11-30T09:58:14","guid":{"rendered":"http:\/\/zshorodlo.pl\/?p=35897"},"modified":"2021-12-01T10:52:31","modified_gmt":"2021-12-01T09:52:31","slug":"slubowanie-uczniow-klasy-pierwszej","status":"publish","type":"post","link":"https:\/\/zshorodlo.pl\/?p=35897","title":{"rendered":"\u015aLUBOWANIE UCZNI\u00d3W KLASY PIERWSZEJ"},"content":{"rendered":"<p style=\"text-align: justify;\">&nbsp;&nbsp;<span style=\"font-family: verdana, geneva, sans-serif;\"> Dnia 26 listopada odby\u0142a si\u0119 w naszej szkole uroczysto\u015b\u0107 \u015blubowania klasy pierwszej, <\/span><br \/>\n<span style=\"font-family: verdana, geneva, sans-serif;\">kt\u00f3ra wpisa\u0142a si\u0119 na sta\u0142e w kalendarz imprez szkolnych. To bardzo wa\u017cne wydarzenie <\/span><br \/>\n<span style=\"font-family: verdana, geneva, sans-serif;\">nie tylko dla najm\u0142odszych, ale r\u00f3wnie\u017c dla ich Rodzic\u00f3w. <\/span><br \/>\n<span style=\"font-family: verdana, geneva, sans-serif;\">&nbsp;&nbsp; Na uroczysto\u015b\u0107 przybyli zaproszeni go\u015bcie: dyrektor szko\u0142y Jan Hajkowski i Rodzice uczni\u00f3w klasy pierwszej, kt\u00f3rych powita\u0142y prowadz\u0105ce ca\u0142\u0105 uroczysto\u015b\u0107 uczennice klasy III Hania Je\u017cyna i Zuzia Sitarczuk.<\/span><br \/>\n<span style=\"font-family: verdana, geneva, sans-serif;\">&nbsp; Zanim pierwszoklasi\u015bci zostali przyj\u0119ci do grona spo\u0142eczno\u015bci szkolnej musieli przedstawi\u0107 to, czego ju\u017c si\u0119 w szkole nauczyli. Gotowi, od\u015bwi\u0119tnie ubrani i bardzo przej\u0119ci przyst\u0105pili do zaprezentowania swoich umiej\u0119tno\u015bci. Donios\u0142ym momentem uroczysto\u015bci by\u0142o \u015blubowanie pierwszoklasist\u00f3w na Sztandar Szko\u0142y, kt\u00f3re wzbudzi\u0142o wiele emocji. Aktu pasowania dokona\u0142 Dyrektor Szko\u0142y du\u017cym, kolorowym o\u0142\u00f3wkiem. Tym samym pierwszaki zosta\u0142y w\u0142\u0105czone do spo\u0142eczno\u015bci uczniowskiej Szko\u0142y Podstawowej im. Kr\u00f3la W\u0142adys\u0142awa Jagie\u0142\u0142y w Horodle. Dowodem by\u0142y akty pasowania na ucznia wr\u0119czone dzieciom przez wychowawczyni\u0119. Najm\u0142odsi otrzymali r\u00f3wnie\u017c warto\u015bciowe prezenty ufundowane przez Dyrekcj\u0119 Szko\u0142y. <\/span><br \/>\n<span style=\"font-family: verdana, geneva, sans-serif;\">&nbsp; Po zako\u0144czeniu cz\u0119\u015bci oficjalnej wszyscy uczestnicy zostali zaproszeni na s\u0142odki pocz\u0119stunek przygotowany przez rodzic\u00f3w.<\/span><br \/>\n<span style=\"font-family: verdana, geneva, sans-serif;\">&nbsp; Kochane Pierwszaki ! Cieszymy si\u0119, \u017ce jeste\u015bcie ju\u017c uczniami i \u017cyczymy Wam sukces\u00f3w w nauce.<\/span><br \/>\n<span style=\"font-family: verdana, geneva, sans-serif;\">Powodzenia!<\/span><br \/>\n<span style=\"font-family: verdana, geneva, sans-serif;\">Niech zdobywanie wiedzy b\u0119dzie dla Was rado\u015bci\u0105!<\/span><\/p>\nngg_shortcode_0_placeholder\n","protected":false},"excerpt":{"rendered":"<p>&nbsp;&nbsp; Dnia 26 listopada odby\u0142a si\u0119 w naszej szkole uroczysto\u015b\u0107 \u015blubowania klasy pierwszej, kt\u00f3ra wpisa\u0142a si\u0119 na sta\u0142e w kalendarz imprez szkolnych. To bardzo wa\u017cne wydarzenie nie tylko dla najm\u0142odszych, ale r\u00f3wnie\u017c dla ich Rodzic\u00f3w. &nbsp;&nbsp; Na uroczysto\u015b\u0107 przybyli zaproszeni &hellip; <a href=\"https:\/\/zshorodlo.pl\/?p=35897\">Czytaj dalej <span class=\"meta-nav\">&rarr;<\/span><\/a><\/p>\n","protected":false},"author":3,"featured_media":0,"comment_status":"closed","ping_status":"open","sticky":false,"template":"","format":"standard","meta":{"ngg_post_thumbnail":0,"footnotes":""},"categories":[3],"tags":[],"_links":{"self":[{"href":"https:\/\/zshorodlo.pl\/index.php?rest_route=\/wp\/v2\/posts\/35897"}],"collection":[{"href":"https:\/\/zshorodlo.pl\/index.php?rest_route=\/wp\/v2\/posts"}],"about":[{"href":"https:\/\/zshorodlo.pl\/index.php?rest_route=\/wp\/v2\/types\/post"}],"author":[{"embeddable":true,"href":"https:\/\/zshorodlo.pl\/index.php?rest_route=\/wp\/v2\/users\/3"}],"replies":[{"embeddable":true,"href":"https:\/\/zshorodlo.pl\/index.php?rest_route=%2Fwp%2Fv2%2Fcomments&post=35897"}],"version-history":[{"count":2,"href":"https:\/\/zshorodlo.pl\/index.php?rest_route=\/wp\/v2\/posts\/35897\/revisions"}],"predecessor-version":[{"id":35909,"href":"https:\/\/zshorodlo.pl\/index.php?rest_route=\/wp\/v2\/posts\/35897\/revisions\/35909"}],"wp:attachment":[{"href":"https:\/\/zshorodlo.pl\/index.php?rest_route=%2Fwp%2Fv2%2Fmedia&parent=35897"}],"wp:term":[{"taxonomy":"category","embeddable":true,"href":"https:\/\/zshorodlo.pl\/index.php?rest_route=%2Fwp%2Fv2%2Fcategories&post=35897"},{"taxonomy":"post_tag","embeddable":true,"href":"https:\/\/zshorodlo.pl\/index.php?rest_route=%2Fwp%2Fv2%2Ftags&post=35897"}],"curies":[{"name":"wp","href":"https:\/\/api.w.org\/{rel}","templated":true}]}}