{"id":35688,"date":"2021-10-18T13:13:49","date_gmt":"2021-10-18T11:13:49","guid":{"rendered":"http:\/\/zshorodlo.pl\/?p=35688"},"modified":"2021-10-18T13:13:49","modified_gmt":"2021-10-18T11:13:49","slug":"adrian-buczko-zwyciezca-konkursu-plastycznego","status":"publish","type":"post","link":"https:\/\/zshorodlo.pl\/?p=35688","title":{"rendered":"ADRIAN BUCZKO  \u2013   ZWYCI\u0118ZC\u0104  KONKURSU PLASTYCZNEGO"},"content":{"rendered":"<p style=\"text-align: justify;\"><span style=\"font-family: verdana, geneva, sans-serif;\">&nbsp;&nbsp;&nbsp; Mi\u0142o nam poinformowa\u0107, \u017ce Adrian Buczko, ucze\u0144 klasy III A naszego liceum zosta\u0142 laureatem etapu powiatowego konkursu \u201eSTOP PO\u017bAROM LAS\u00d3W\u201d w kategorii \u2013 plakat.<br \/>\n<\/span><span style=\"font-family: verdana, geneva, sans-serif;\">&nbsp;&nbsp;&nbsp; Konkurs skierowany by\u0142 do uczni\u00f3w szk\u00f3\u0142 \u015brednich, a jego celem by\u0142o zwr\u00f3cenie uwagi na problematyk\u0119 zapobiegania po\u017carom las\u00f3w oraz podniesienie \u015bwiadomo\u015bci mieszka\u0144c\u00f3w na temat warto\u015bci przyrodniczej obszar\u00f3w le\u015bnych.<br \/>\n<\/span><span style=\"font-family: verdana, geneva, sans-serif;\">&nbsp;&nbsp;&nbsp;&nbsp; Praca Adriana zosta\u0142a przekazana do Komendy Wojew\u00f3dzkiej Pa\u0144stwowej Stra\u017cy Po\u017carnej w Lublinie, gdzie b\u0119dzie walczy\u0107 o zwyci\u0119stwo w kolejnym etapie.<\/span><\/p>\n<p style=\"text-align: center;\"><span style=\"font-family: verdana, geneva, sans-serif;\"><br \/>\n<\/span><span style=\"font-family: verdana, geneva, sans-serif;\">Serdecznie gratulujemy!<\/span><\/p>\n<p><a href=\"http:\/\/zshorodlo.pl\/?attachment_id=35689\" rel=\"attachment wp-att-35689\"><img loading=\"lazy\" decoding=\"async\" class=\"aligncenter size-full wp-image-35689\" src=\"http:\/\/zshorodlo.pl\/wp-content\/uploads\/2021\/10\/Projekt-Stop-Pozarom-lasow.jpg\" alt=\"\" width=\"636\" height=\"900\" srcset=\"https:\/\/zshorodlo.pl\/wp-content\/uploads\/2021\/10\/Projekt-Stop-Pozarom-lasow.jpg 636w, https:\/\/zshorodlo.pl\/wp-content\/uploads\/2021\/10\/Projekt-Stop-Pozarom-lasow-212x300.jpg 212w\" sizes=\"(max-width: 636px) 100vw, 636px\" \/><\/a><\/p>\n","protected":false},"excerpt":{"rendered":"<p>&nbsp;&nbsp;&nbsp; Mi\u0142o nam poinformowa\u0107, \u017ce Adrian Buczko, ucze\u0144 klasy III A naszego liceum zosta\u0142 laureatem etapu powiatowego konkursu \u201eSTOP PO\u017bAROM LAS\u00d3W\u201d w kategorii \u2013 plakat. &nbsp;&nbsp;&nbsp; Konkurs skierowany by\u0142 do uczni\u00f3w szk\u00f3\u0142 \u015brednich, a jego celem by\u0142o zwr\u00f3cenie uwagi na &hellip; <a href=\"https:\/\/zshorodlo.pl\/?p=35688\">Czytaj dalej <span class=\"meta-nav\">&rarr;<\/span><\/a><\/p>\n","protected":false},"author":3,"featured_media":0,"comment_status":"closed","ping_status":"open","sticky":false,"template":"","format":"standard","meta":{"ngg_post_thumbnail":0,"footnotes":""},"categories":[7],"tags":[],"_links":{"self":[{"href":"https:\/\/zshorodlo.pl\/index.php?rest_route=\/wp\/v2\/posts\/35688"}],"collection":[{"href":"https:\/\/zshorodlo.pl\/index.php?rest_route=\/wp\/v2\/posts"}],"about":[{"href":"https:\/\/zshorodlo.pl\/index.php?rest_route=\/wp\/v2\/types\/post"}],"author":[{"embeddable":true,"href":"https:\/\/zshorodlo.pl\/index.php?rest_route=\/wp\/v2\/users\/3"}],"replies":[{"embeddable":true,"href":"https:\/\/zshorodlo.pl\/index.php?rest_route=%2Fwp%2Fv2%2Fcomments&post=35688"}],"version-history":[{"count":1,"href":"https:\/\/zshorodlo.pl\/index.php?rest_route=\/wp\/v2\/posts\/35688\/revisions"}],"predecessor-version":[{"id":35690,"href":"https:\/\/zshorodlo.pl\/index.php?rest_route=\/wp\/v2\/posts\/35688\/revisions\/35690"}],"wp:attachment":[{"href":"https:\/\/zshorodlo.pl\/index.php?rest_route=%2Fwp%2Fv2%2Fmedia&parent=35688"}],"wp:term":[{"taxonomy":"category","embeddable":true,"href":"https:\/\/zshorodlo.pl\/index.php?rest_route=%2Fwp%2Fv2%2Fcategories&post=35688"},{"taxonomy":"post_tag","embeddable":true,"href":"https:\/\/zshorodlo.pl\/index.php?rest_route=%2Fwp%2Fv2%2Ftags&post=35688"}],"curies":[{"name":"wp","href":"https:\/\/api.w.org\/{rel}","templated":true}]}}