{"id":35382,"date":"2021-06-10T08:42:03","date_gmt":"2021-06-10T06:42:03","guid":{"rendered":"http:\/\/zshorodlo.pl\/?p=35382"},"modified":"2021-06-10T08:42:03","modified_gmt":"2021-06-10T06:42:03","slug":"sukces-aleksandry-golebiowskiej","status":"publish","type":"post","link":"https:\/\/zshorodlo.pl\/?p=35382","title":{"rendered":"SUKCES ALEKSANDRY GO\u0141\u0118BIOWSKIEJ"},"content":{"rendered":"<p align=\"justify\"><span style=\"font-family: verdana, geneva, sans-serif;\">&nbsp; &nbsp;W dniu <strong>02.06.2021<\/strong> roku w Urz\u0119dzie Miasta Zamo\u015b\u0107 odby\u0142o si\u0119 uroczyste wr\u0119czenie nagr\u00f3d i wyr\u00f3\u017cnie\u0144 w Regionalnym Konkursie Recytatorsko-Fotograficznym inspirowanym tw\u00f3rczo\u015bci\u0105 Tadeusza R\u00f3\u017cewicza. Konkurs sk\u0142ada\u0142 si\u0119 z dw\u00f3ch kategorii tematycznych: recytatorskiej i fotograficznej. W\u015br\u00f3d laureat\u00f3w znalaz\u0142a si\u0119 uczennica klasy VIII B- Aleksandra Go\u0142\u0119biowska, kt\u00f3ra zdoby\u0142a tytu\u0142 wicemistrza obiektywu.<br \/>\n<\/span><span style=\"font-family: verdana, geneva, sans-serif;\">&nbsp; Organizatorem wydarzenia by\u0142o Lubelskie Samorz\u0105dowe Centrum Doskonalenia Nauczycieli Oddzia\u0142 w Zamo\u015bciu. Zasadniczym celem konkursu by\u0142o przybli\u017cenie uczniom sylwetki i tw\u00f3rczo\u015bci Tadeusza R\u00f3\u017cewicza, uwra\u017cliwienie m\u0142odych ludzi na pi\u0119kno j\u0119zyka ojczystego oraz pokazanie, \u017ce poezja mo\u017ce stanowi\u0107 \u017ar\u00f3d\u0142o inspiracji dla innych dziedzin sztuki, w tym wypadku fotografii.<\/span><\/p>\n<p align=\"right\"><span style=\"font-family: verdana, geneva, sans-serif;\">Gratulujemy i \u017cyczymy dalszych sukces\u00f3w.<\/span><\/p>\n<p align=\"right\">ngg_shortcode_0_placeholder<\/p>\n","protected":false},"excerpt":{"rendered":"<p>&nbsp; &nbsp;W dniu 02.06.2021 roku w Urz\u0119dzie Miasta Zamo\u015b\u0107 odby\u0142o si\u0119 uroczyste wr\u0119czenie nagr\u00f3d i wyr\u00f3\u017cnie\u0144 w Regionalnym Konkursie Recytatorsko-Fotograficznym inspirowanym tw\u00f3rczo\u015bci\u0105 Tadeusza R\u00f3\u017cewicza. Konkurs sk\u0142ada\u0142 si\u0119 z dw\u00f3ch kategorii tematycznych: recytatorskiej i fotograficznej. W\u015br\u00f3d laureat\u00f3w znalaz\u0142a si\u0119 uczennica klasy &hellip; <a href=\"https:\/\/zshorodlo.pl\/?p=35382\">Czytaj dalej <span class=\"meta-nav\">&rarr;<\/span><\/a><\/p>\n","protected":false},"author":3,"featured_media":0,"comment_status":"closed","ping_status":"open","sticky":false,"template":"","format":"standard","meta":{"ngg_post_thumbnail":0,"footnotes":""},"categories":[3],"tags":[],"_links":{"self":[{"href":"https:\/\/zshorodlo.pl\/index.php?rest_route=\/wp\/v2\/posts\/35382"}],"collection":[{"href":"https:\/\/zshorodlo.pl\/index.php?rest_route=\/wp\/v2\/posts"}],"about":[{"href":"https:\/\/zshorodlo.pl\/index.php?rest_route=\/wp\/v2\/types\/post"}],"author":[{"embeddable":true,"href":"https:\/\/zshorodlo.pl\/index.php?rest_route=\/wp\/v2\/users\/3"}],"replies":[{"embeddable":true,"href":"https:\/\/zshorodlo.pl\/index.php?rest_route=%2Fwp%2Fv2%2Fcomments&post=35382"}],"version-history":[{"count":1,"href":"https:\/\/zshorodlo.pl\/index.php?rest_route=\/wp\/v2\/posts\/35382\/revisions"}],"predecessor-version":[{"id":35383,"href":"https:\/\/zshorodlo.pl\/index.php?rest_route=\/wp\/v2\/posts\/35382\/revisions\/35383"}],"wp:attachment":[{"href":"https:\/\/zshorodlo.pl\/index.php?rest_route=%2Fwp%2Fv2%2Fmedia&parent=35382"}],"wp:term":[{"taxonomy":"category","embeddable":true,"href":"https:\/\/zshorodlo.pl\/index.php?rest_route=%2Fwp%2Fv2%2Fcategories&post=35382"},{"taxonomy":"post_tag","embeddable":true,"href":"https:\/\/zshorodlo.pl\/index.php?rest_route=%2Fwp%2Fv2%2Ftags&post=35382"}],"curies":[{"name":"wp","href":"https:\/\/api.w.org\/{rel}","templated":true}]}}