{"id":34902,"date":"2020-06-25T16:28:38","date_gmt":"2020-06-25T14:28:38","guid":{"rendered":"http:\/\/zshorodlo.pl\/?p=34902"},"modified":"2020-06-25T16:28:38","modified_gmt":"2020-06-25T14:28:38","slug":"bezpieczny-wypoczynek","status":"publish","type":"post","link":"https:\/\/zshorodlo.pl\/?p=34902","title":{"rendered":"BEZPIECZNY WYPOCZYNEK"},"content":{"rendered":"<p style=\"text-align: center;\"><a href=\"http:\/\/zshorodlo.pl\/?attachment_id=34903\" rel=\"attachment wp-att-34903\"><img loading=\"lazy\" decoding=\"async\" class=\"aligncenter size-full wp-image-34903\" src=\"http:\/\/zshorodlo.pl\/wp-content\/uploads\/2020\/06\/Wakacje.jpg\" alt=\"\" width=\"609\" height=\"344\" srcset=\"https:\/\/zshorodlo.pl\/wp-content\/uploads\/2020\/06\/Wakacje.jpg 609w, https:\/\/zshorodlo.pl\/wp-content\/uploads\/2020\/06\/Wakacje-300x169.jpg 300w, https:\/\/zshorodlo.pl\/wp-content\/uploads\/2020\/06\/Wakacje-500x282.jpg 500w\" sizes=\"(max-width: 609px) 100vw, 609px\" \/><\/a><span style=\"font-family: verdana, geneva, sans-serif;\">Bezpieczny wypoczynek &#8211; wytyczne MEN, GIS i MZ dla organizator\u00f3w wypoczynku <\/span><br \/>\n<span style=\"font-family: verdana, geneva, sans-serif;\">dzieci i m\u0142odzie\u017cy w 2020<\/span><\/p>\n<p style=\"text-align: justify;\"><span style=\"font-family: verdana, geneva, sans-serif;\"><strong>&nbsp;<\/strong><\/span><\/p>\n<p style=\"text-align: justify;\"><span style=\"font-family: verdana, geneva, sans-serif;\"><strong>&nbsp;&nbsp; Ministerstwo Edukacji Narodowej we wsp\u00f3\u0142pracy z G\u0142\u00f3wnym Inspektorem Sanitarnym i Ministerstwem Zdrowia przygotowa\u0142o wytyczne dla organizator\u00f3w wypoczynku dzieci i m\u0142odzie\u017cy, s\u0142u\u017c\u0105ce ograniczeniu ryzyka zaka\u017cenia dzieci i m\u0142odzie\u017cy oraz kadry podczas zorganizowanego wypoczynku letniego w czasie trwania epidemii COVID-19 na terenie kraju.<\/strong><\/span><\/p>\n<p style=\"text-align: justify;\"><span style=\"font-family: verdana, geneva, sans-serif;\"><strong>Wypoczynek letni dzieci i m\u0142odzie\u017cy<\/strong>&nbsp;<strong>w 2020 r. b\u0119dzie m\u00f3g\u0142 si\u0119 odby\u0107<\/strong>, przy uwzgl\u0119dnieniu okre\u015blonych ogranicze\u0144 sanitarnych.<\/span><\/p>\n<ul>\n<li><span style=\"font-family: verdana, geneva, sans-serif;\">Wypoczynek mo\u017ce by\u0107 zorganizowany tylko w obiektach, bazach i miejscach spe\u0142niaj\u0105cych warunki bezpiecze\u0144stwa.&nbsp;<\/span><\/li>\n<li><span style=\"font-family: verdana, geneva, sans-serif;\">W trakcie trwania wypoczynku nale\u017cy ograniczy\u0107 odwiedziny ze strony os\u00f3b z zewn\u0105trz.<\/span><\/li>\n<li><span style=\"font-family: verdana, geneva, sans-serif;\">W jednym pokoju czy namiocie powinni by\u0107 zakwaterowani uczestnicy z tej samej grupy, w kt\u00f3rej prowadzi si\u0119 zaj\u0119cia.<\/span><\/li>\n<li><span style=\"font-family: verdana, geneva, sans-serif;\">Liczba os\u00f3b zakwaterowanych w jednym pokoju&nbsp;<strong>nie mo\u017ce przekracza\u0107 4 os\u00f3b przy zachowaniu powierzchni 4 m2 na 1 osob\u0119<\/strong>.<\/span><\/li>\n<li><span style=\"font-family: verdana, geneva, sans-serif;\">Pomi\u0119dzy turnusami obiekt powinien by\u0107 poddany&nbsp;<strong>dodatkowemu sprz\u0105taniu i dezynfekcji powierzchni dotykowych<\/strong>\u2013 por\u0119czy, klamek, blat\u00f3w, w\u0142\u0105cznik\u00f3w itp.<\/span><\/li>\n<li><span style=\"font-family: verdana, geneva, sans-serif;\">Organizator wypoczynku zobowi\u0105zany jest do&nbsp;<strong>zapewnienia \u015brodk\u00f3w higieny osobistej<\/strong>, \u015brodk\u00f3w ochrony osobistej dla personelu oraz uczestnik\u00f3w, je\u015bli nie zrobili tego rodzice.<\/span><\/li>\n<li><span style=\"font-family: verdana, geneva, sans-serif;\">Podczas jedzenia powinien by\u0107 zachowany dystans pomi\u0119dzy uczestnikami. Je\u017celi jest to mo\u017cliwe, przy stoliku powinni siedzie\u0107 uczestnicy z tej samej grupy wychowawczej.<\/span><\/li>\n<li><span style=\"font-family: verdana, geneva, sans-serif;\">Organizator jest zobowi\u0105zany do opracowania&nbsp;<strong>szczeg\u00f3\u0142owego regulaminu uczestnictwa <\/strong>w wypoczynku i przeszkolenia zatrudnionej kadry.<\/span><\/li>\n<li><span style=\"font-family: verdana, geneva, sans-serif;\">Organizator ma obowi\u0105zek zapewni\u0107 sta\u0142\u0105 obecno\u015b\u0107 piel\u0119gniarki lub mo\u017cliwo\u015b\u0107 szybkiej konsultacji z piel\u0119gniark\u0105, ratownikiem medycznym czy lekarzem.<\/span><\/li>\n<li><span style=\"font-family: verdana, geneva, sans-serif;\">Z pomieszczenia do prowadzenia zaj\u0119\u0107 nale\u017cy usun\u0105\u0107 przedmioty i sprz\u0119ty, kt\u00f3rych nie mo\u017cna skutecznie zdezynfekowa\u0107 czy wyczy\u015bci\u0107.<\/span><\/li>\n<li><span style=\"font-family: verdana, geneva, sans-serif;\">Organizacja zaj\u0119\u0107 musi by\u0107 zaplanowana w taki spos\u00f3b, aby&nbsp;<strong>unika\u0107 bezpo\u015bredniego kontaktowania si\u0119 poszczeg\u00f3lnych grup podczas pobytu<\/strong>.<\/span><\/li>\n<li><span style=\"font-family: verdana, geneva, sans-serif;\">Przebywanie na og\u00f3lnodost\u0119pnych pla\u017cach i k\u0105pieliskach powinno by\u0107 zorganizowane tak, aby ograniczy\u0107 bezpo\u015bredni kontakt z osobami trzecimi, przez wyznaczenie przestrzeni dla konkretnej grupy. <strong>K\u0104PIEL W MIEJSCACH NIEDOZWOLONYCH JEST ZABRONIONA!!!<\/strong><\/span><\/li>\n<li style=\"text-align: justify;\"><span style=\"font-family: verdana, geneva, sans-serif;\">Organizator zobowi\u0105zany jest r\u00f3wnie\u017c do ustalenia szybkiego sposobu komunikacji z rodzicami np. w przypadku sytuacji podejrzenia zaka\u017cenia lub wyst\u0105pienia jakichkolwiek komplikacji podczas pobytu na wypoczynku.<\/span><\/li>\n<\/ul>\n<p><strong><span style=\"font-family: verdana, geneva, sans-serif;\">Wa\u017cne telefony:<\/span><\/strong><\/p>\n<p><span style=\"font-family: verdana, geneva, sans-serif;\">nad wod\u0105-WOPR 601 100 100<\/span><\/p>\n<p><span style=\"font-family: verdana, geneva, sans-serif;\">w g\u00f3rach- GOPR 601 100 300<\/span><\/p>\n<p><span style=\"font-family: verdana, geneva, sans-serif;\">telefon alarmowy 112<\/span><\/p>\n<p><span style=\"font-family: verdana, geneva, sans-serif;\">telefon zaufania dla dzieci i m\u0142odzie\u017cy 116 111<\/span><\/p>\n","protected":false},"excerpt":{"rendered":"<p>Bezpieczny wypoczynek &#8211; wytyczne MEN, GIS i MZ dla organizator\u00f3w wypoczynku dzieci i m\u0142odzie\u017cy w 2020 &nbsp; &nbsp;&nbsp; Ministerstwo Edukacji Narodowej we wsp\u00f3\u0142pracy z G\u0142\u00f3wnym Inspektorem Sanitarnym i Ministerstwem Zdrowia przygotowa\u0142o wytyczne dla organizator\u00f3w wypoczynku dzieci i m\u0142odzie\u017cy, s\u0142u\u017c\u0105ce ograniczeniu &hellip; <a href=\"https:\/\/zshorodlo.pl\/?p=34902\">Czytaj dalej <span class=\"meta-nav\">&rarr;<\/span><\/a><\/p>\n","protected":false},"author":3,"featured_media":0,"comment_status":"closed","ping_status":"open","sticky":false,"template":"","format":"standard","meta":{"ngg_post_thumbnail":0,"footnotes":""},"categories":[5],"tags":[],"_links":{"self":[{"href":"https:\/\/zshorodlo.pl\/index.php?rest_route=\/wp\/v2\/posts\/34902"}],"collection":[{"href":"https:\/\/zshorodlo.pl\/index.php?rest_route=\/wp\/v2\/posts"}],"about":[{"href":"https:\/\/zshorodlo.pl\/index.php?rest_route=\/wp\/v2\/types\/post"}],"author":[{"embeddable":true,"href":"https:\/\/zshorodlo.pl\/index.php?rest_route=\/wp\/v2\/users\/3"}],"replies":[{"embeddable":true,"href":"https:\/\/zshorodlo.pl\/index.php?rest_route=%2Fwp%2Fv2%2Fcomments&post=34902"}],"version-history":[{"count":1,"href":"https:\/\/zshorodlo.pl\/index.php?rest_route=\/wp\/v2\/posts\/34902\/revisions"}],"predecessor-version":[{"id":34904,"href":"https:\/\/zshorodlo.pl\/index.php?rest_route=\/wp\/v2\/posts\/34902\/revisions\/34904"}],"wp:attachment":[{"href":"https:\/\/zshorodlo.pl\/index.php?rest_route=%2Fwp%2Fv2%2Fmedia&parent=34902"}],"wp:term":[{"taxonomy":"category","embeddable":true,"href":"https:\/\/zshorodlo.pl\/index.php?rest_route=%2Fwp%2Fv2%2Fcategories&post=34902"},{"taxonomy":"post_tag","embeddable":true,"href":"https:\/\/zshorodlo.pl\/index.php?rest_route=%2Fwp%2Fv2%2Ftags&post=34902"}],"curies":[{"name":"wp","href":"https:\/\/api.w.org\/{rel}","templated":true}]}}