{"id":33738,"date":"2019-11-25T13:01:35","date_gmt":"2019-11-25T12:01:35","guid":{"rendered":"http:\/\/zshorodlo.pl\/?p=33738"},"modified":"2019-12-09T13:03:34","modified_gmt":"2019-12-09T12:03:34","slug":"ogolnopolski-dzien-praw-dziecka-3","status":"publish","type":"post","link":"https:\/\/zshorodlo.pl\/?p=33738","title":{"rendered":"OG\u00d3LNOPOLSKI DZIE\u0143 PRAW DZIECKA"},"content":{"rendered":"<p class=\"western\" style=\"text-align: justify;\"><span style=\"font-family: verdana, geneva, sans-serif;\">&nbsp;&nbsp; <strong>20 listopada<\/strong> w ca\u0142ej Polsce obchodzony jest Dzie\u0144 Praw Dziecka. Z tej okazji biblioteka szkolna zorganizowa\u0142a zaj\u0119cia, na kt\u00f3rych dzieci dowiedzia\u0142y si\u0119, \u017ce prawa cz\u0142owieka zaczynaj\u0105 si\u0119 od praw dziecka. Dzie\u0144 ten ma przypomina\u0107 wszystkim doros\u0142ym, \u017ce ka\u017cde dziecko ma niezbywalne prawo, zapisane w Konstytucji RP i Konwencji o prawach dziecka do tego, aby by\u0142o otoczone mi\u0142o\u015bci\u0105, aby by\u0142o wychowywane w poczuciu bezpiecze\u0144stwa, bez krzyku i przemocy.<br \/>\n<\/span><span style=\"font-family: verdana, geneva, sans-serif;\">&nbsp;&nbsp; Dzieci wys\u0142ucha\u0142y wiersza Marcina Bryczkowskiego \u201eO prawach dzieci\u201d, dobiera\u0142y poszczeg\u00f3lne prawa do odpowiedniej zwrotki, podawa\u0142y przyk\u0142ady z \u017cycia codziennego rozumienia konkretnego prawa. Pozna\u0142y r\u00f3wnie\u017c przyk\u0142ady znanych ba\u015bni, w kt\u00f3rych zosta\u0142y z\u0142amane prawa dzieci, tj. \u201eDziewczynka z zapa\u0142kami\u201d, \u201eCalineczka\u201d, \u201eJa\u015b i Ma\u0142gosia\u201d, \u201eBrzydkie Kacz\u0105tko\u201d, \u201eKopciuszek\u201d.<br \/>\n<a href=\"http:\/\/zshorodlo.pl\/?attachment_id=33740\" rel=\"attachment wp-att-33740\"><img loading=\"lazy\" decoding=\"async\" class=\"aligncenter size-medium wp-image-33740\" src=\"http:\/\/zshorodlo.pl\/wp-content\/uploads\/2019\/11\/IMG_20191128_110209-300x225.jpg\" alt=\"\" width=\"300\" height=\"225\" srcset=\"https:\/\/zshorodlo.pl\/wp-content\/uploads\/2019\/11\/IMG_20191128_110209-300x225.jpg 300w, https:\/\/zshorodlo.pl\/wp-content\/uploads\/2019\/11\/IMG_20191128_110209-1024x768.jpg 1024w, https:\/\/zshorodlo.pl\/wp-content\/uploads\/2019\/11\/IMG_20191128_110209-768x576.jpg 768w, https:\/\/zshorodlo.pl\/wp-content\/uploads\/2019\/11\/IMG_20191128_110209-400x300.jpg 400w, https:\/\/zshorodlo.pl\/wp-content\/uploads\/2019\/11\/IMG_20191128_110209-rotated.jpg 1200w\" sizes=\"(max-width: 300px) 100vw, 300px\" \/><\/a> <a href=\"http:\/\/zshorodlo.pl\/?attachment_id=33741\" rel=\"attachment wp-att-33741\"><img loading=\"lazy\" decoding=\"async\" class=\"aligncenter size-medium wp-image-33741\" src=\"http:\/\/zshorodlo.pl\/wp-content\/uploads\/2019\/11\/IMG_20191128_110417-225x300.jpg\" alt=\"\" width=\"225\" height=\"300\" srcset=\"https:\/\/zshorodlo.pl\/wp-content\/uploads\/2019\/11\/IMG_20191128_110417-225x300.jpg 225w, https:\/\/zshorodlo.pl\/wp-content\/uploads\/2019\/11\/IMG_20191128_110417-768x1024.jpg 768w, https:\/\/zshorodlo.pl\/wp-content\/uploads\/2019\/11\/IMG_20191128_110417-rotated.jpg 900w\" sizes=\"(max-width: 225px) 100vw, 225px\" \/><\/a><br \/>\n<\/span><\/p>\n","protected":false},"excerpt":{"rendered":"<p>&nbsp;&nbsp; 20 listopada w ca\u0142ej Polsce obchodzony jest Dzie\u0144 Praw Dziecka. Z tej okazji biblioteka szkolna zorganizowa\u0142a zaj\u0119cia, na kt\u00f3rych dzieci dowiedzia\u0142y si\u0119, \u017ce prawa cz\u0142owieka zaczynaj\u0105 si\u0119 od praw dziecka. Dzie\u0144 ten ma przypomina\u0107 wszystkim doros\u0142ym, \u017ce ka\u017cde dziecko &hellip; <a href=\"https:\/\/zshorodlo.pl\/?p=33738\">Czytaj dalej <span class=\"meta-nav\">&rarr;<\/span><\/a><\/p>\n","protected":false},"author":3,"featured_media":0,"comment_status":"closed","ping_status":"open","sticky":false,"template":"","format":"standard","meta":{"ngg_post_thumbnail":0,"footnotes":""},"categories":[3],"tags":[],"_links":{"self":[{"href":"https:\/\/zshorodlo.pl\/index.php?rest_route=\/wp\/v2\/posts\/33738"}],"collection":[{"href":"https:\/\/zshorodlo.pl\/index.php?rest_route=\/wp\/v2\/posts"}],"about":[{"href":"https:\/\/zshorodlo.pl\/index.php?rest_route=\/wp\/v2\/types\/post"}],"author":[{"embeddable":true,"href":"https:\/\/zshorodlo.pl\/index.php?rest_route=\/wp\/v2\/users\/3"}],"replies":[{"embeddable":true,"href":"https:\/\/zshorodlo.pl\/index.php?rest_route=%2Fwp%2Fv2%2Fcomments&post=33738"}],"version-history":[{"count":2,"href":"https:\/\/zshorodlo.pl\/index.php?rest_route=\/wp\/v2\/posts\/33738\/revisions"}],"predecessor-version":[{"id":33742,"href":"https:\/\/zshorodlo.pl\/index.php?rest_route=\/wp\/v2\/posts\/33738\/revisions\/33742"}],"wp:attachment":[{"href":"https:\/\/zshorodlo.pl\/index.php?rest_route=%2Fwp%2Fv2%2Fmedia&parent=33738"}],"wp:term":[{"taxonomy":"category","embeddable":true,"href":"https:\/\/zshorodlo.pl\/index.php?rest_route=%2Fwp%2Fv2%2Fcategories&post=33738"},{"taxonomy":"post_tag","embeddable":true,"href":"https:\/\/zshorodlo.pl\/index.php?rest_route=%2Fwp%2Fv2%2Ftags&post=33738"}],"curies":[{"name":"wp","href":"https:\/\/api.w.org\/{rel}","templated":true}]}}