{"id":33668,"date":"2019-11-25T10:12:10","date_gmt":"2019-11-25T09:12:10","guid":{"rendered":"http:\/\/zshorodlo.pl\/?p=33668"},"modified":"2019-11-25T10:12:21","modified_gmt":"2019-11-25T09:12:21","slug":"pamietamy-o-naszej-historii","status":"publish","type":"post","link":"https:\/\/zshorodlo.pl\/?p=33668","title":{"rendered":"PAMI\u0118TAMY O NASZEJ HISTORII"},"content":{"rendered":"<p align=\"center\"><span style=\"font-family: verdana, geneva, sans-serif; font-size: 12pt;\">W pa\u017adzierniku i listopadzie tego roku spo\u0142eczno\u015b\u0107 Zespo\u0142u Szk\u00f3\u0142<br \/>\nw Horodle bra\u0142a udzia\u0142 w og\u00f3lnopolskich akcjach kultywuj\u0105cych warto\u015bci patriotyczne: <\/span><\/p>\n<p align=\"center\"><span style=\"font-family: verdana, geneva, sans-serif; font-size: 12pt;\"><strong>\u201eSzko\u0142a pami\u0119ta<\/strong><strong>\u201d<\/strong> oraz<strong> \u201e<\/strong><strong>Szko\u0142a do hymnu<\/strong><strong>\u201d<\/strong>.<\/span><\/p>\n<p align=\"center\"><span style=\"font-family: verdana, geneva, sans-serif; font-size: 12pt;\">Przedsi\u0119wzi\u0119cia te by\u0142y inicjatyw\u0105 Ministra Edukacji Narodowej oraz Rady Dzieci i M\u0142odzie\u017cy.<\/span><\/p>\n<p align=\"center\"><a href=\"http:\/\/zshorodlo.pl\/?attachment_id=33669\" rel=\"attachment wp-att-33669\"><img loading=\"lazy\" decoding=\"async\" class=\"aligncenter size-medium wp-image-33669\" src=\"http:\/\/zshorodlo.pl\/wp-content\/uploads\/2019\/11\/dyplom1-210x300.jpg\" alt=\"\" width=\"210\" height=\"300\" srcset=\"https:\/\/zshorodlo.pl\/wp-content\/uploads\/2019\/11\/dyplom1-210x300.jpg 210w, https:\/\/zshorodlo.pl\/wp-content\/uploads\/2019\/11\/dyplom1.jpg 419w\" sizes=\"(max-width: 210px) 100vw, 210px\" \/><\/a> <a href=\"http:\/\/zshorodlo.pl\/?attachment_id=33670\" rel=\"attachment wp-att-33670\"><img loading=\"lazy\" decoding=\"async\" class=\"aligncenter size-medium wp-image-33670\" src=\"http:\/\/zshorodlo.pl\/wp-content\/uploads\/2019\/11\/dyplom2-211x300.jpg\" alt=\"\" width=\"211\" height=\"300\" srcset=\"https:\/\/zshorodlo.pl\/wp-content\/uploads\/2019\/11\/dyplom2-211x300.jpg 211w, https:\/\/zshorodlo.pl\/wp-content\/uploads\/2019\/11\/dyplom2.jpg 422w\" sizes=\"(max-width: 211px) 100vw, 211px\" \/><\/a><\/p>\n","protected":false},"excerpt":{"rendered":"<p>W pa\u017adzierniku i listopadzie tego roku spo\u0142eczno\u015b\u0107 Zespo\u0142u Szk\u00f3\u0142 w Horodle bra\u0142a udzia\u0142 w og\u00f3lnopolskich akcjach kultywuj\u0105cych warto\u015bci patriotyczne: \u201eSzko\u0142a pami\u0119ta\u201d oraz \u201eSzko\u0142a do hymnu\u201d. Przedsi\u0119wzi\u0119cia te by\u0142y inicjatyw\u0105 Ministra Edukacji Narodowej oraz Rady Dzieci i M\u0142odzie\u017cy.<\/p>\n","protected":false},"author":3,"featured_media":0,"comment_status":"closed","ping_status":"open","sticky":false,"template":"","format":"standard","meta":{"ngg_post_thumbnail":0,"footnotes":""},"categories":[5],"tags":[],"_links":{"self":[{"href":"https:\/\/zshorodlo.pl\/index.php?rest_route=\/wp\/v2\/posts\/33668"}],"collection":[{"href":"https:\/\/zshorodlo.pl\/index.php?rest_route=\/wp\/v2\/posts"}],"about":[{"href":"https:\/\/zshorodlo.pl\/index.php?rest_route=\/wp\/v2\/types\/post"}],"author":[{"embeddable":true,"href":"https:\/\/zshorodlo.pl\/index.php?rest_route=\/wp\/v2\/users\/3"}],"replies":[{"embeddable":true,"href":"https:\/\/zshorodlo.pl\/index.php?rest_route=%2Fwp%2Fv2%2Fcomments&post=33668"}],"version-history":[{"count":2,"href":"https:\/\/zshorodlo.pl\/index.php?rest_route=\/wp\/v2\/posts\/33668\/revisions"}],"predecessor-version":[{"id":33672,"href":"https:\/\/zshorodlo.pl\/index.php?rest_route=\/wp\/v2\/posts\/33668\/revisions\/33672"}],"wp:attachment":[{"href":"https:\/\/zshorodlo.pl\/index.php?rest_route=%2Fwp%2Fv2%2Fmedia&parent=33668"}],"wp:term":[{"taxonomy":"category","embeddable":true,"href":"https:\/\/zshorodlo.pl\/index.php?rest_route=%2Fwp%2Fv2%2Fcategories&post=33668"},{"taxonomy":"post_tag","embeddable":true,"href":"https:\/\/zshorodlo.pl\/index.php?rest_route=%2Fwp%2Fv2%2Ftags&post=33668"}],"curies":[{"name":"wp","href":"https:\/\/api.w.org\/{rel}","templated":true}]}}