{"id":33618,"date":"2019-11-18T10:09:58","date_gmt":"2019-11-18T09:09:58","guid":{"rendered":"http:\/\/zshorodlo.pl\/?p=33618"},"modified":"2019-11-18T10:10:10","modified_gmt":"2019-11-18T09:10:10","slug":"pazdziernik-miesiacem-bibliotek-szkolnych-2","status":"publish","type":"post","link":"https:\/\/zshorodlo.pl\/?p=33618","title":{"rendered":"PA\u0179DZIERNIK MIESI\u0104CEM BIBLIOTEK SZKOLNYCH"},"content":{"rendered":"<p style=\"text-align: justify;\"><span style=\"color: #333333;\"><span style=\"font-size: medium;\">&nbsp;&nbsp;&nbsp; <span style=\"font-family: verdana, geneva, sans-serif;\">W\u0142\u0105czaj\u0105c si\u0119 w obchody Mi\u0119dzynarodowego Miesi\u0105ca Bibliotek Szkolnych nasza biblioteka przeprowadzi\u0142a szereg dzia\u0142a\u0144: <\/span><\/span><\/span><\/p>\n<ol style=\"text-align: justify;\">\n<li><span style=\"color: #333333; font-family: verdana, geneva, sans-serif;\"><span style=\"font-size: medium;\">Konkurs ze znajomo\u015bci lektury \u201e Kajtkowe przygody\u201d dla klasy III.<\/span><\/span><\/li>\n<\/ol>\n<p style=\"text-align: justify;\"><span style=\"color: #333333; font-family: verdana, geneva, sans-serif;\"><span style=\"font-size: medium;\">I miejsce- Kirszniak Aleksandra, Remiszewski Szymon<\/span><\/span><\/p>\n<p style=\"text-align: justify;\"><span style=\"color: #333333; font-family: verdana, geneva, sans-serif;\"><span style=\"font-size: medium;\">II miejsce \u2013 Chmielewski Andrzej, Grabowska Anielka<\/span><\/span><\/p>\n<ol style=\"text-align: justify;\" start=\"2\">\n<li><span style=\"color: #333333; font-family: verdana, geneva, sans-serif;\"><span style=\"font-size: medium;\">Konkurs na \u201eSelfi z ksi\u0105\u017ck\u0105 dla klas VII-VIII.<\/span><\/span><\/li>\n<\/ol>\n<p style=\"text-align: justify;\"><span style=\"color: #333333; font-family: verdana, geneva, sans-serif;\"><span style=\"font-size: medium;\">I miejsce Julia Papierz<\/span><\/span><\/p>\n<ol style=\"text-align: justify;\" start=\"3\">\n<li><span style=\"color: #333333; font-family: verdana, geneva, sans-serif;\"><span style=\"font-size: medium;\">Konkurs plastyczny dla klas I-VI \u201eIlustracja do przeczytanej ksi\u0105\u017cki\u201d.<\/span><\/span><\/li>\n<li><span style=\"color: #333333; font-family: verdana, geneva, sans-serif;\"><span style=\"font-size: medium;\">Konkurs czytelniczy \u201e Ksi\u0105\u017cka to m\u00f3j przyjaciel \u201e dla klasy IV.<\/span><\/span><\/li>\n<\/ol>\n<p style=\"text-align: justify;\"><span style=\"color: #333333; font-family: verdana, geneva, sans-serif;\"><span style=\"font-size: medium;\">I miejsce \u2013 Kaczy\u0144ska Wiktoria<\/span><\/span><\/p>\n<p style=\"text-align: justify;\"><span style=\"color: #333333; font-family: verdana, geneva, sans-serif;\"><span style=\"font-size: medium;\">II miejsce \u2013 Kubacka Gabriela<\/span><\/span><\/p>\n<p style=\"text-align: justify;\"><span style=\"color: #333333; font-family: verdana, geneva, sans-serif;\"><span style=\"font-size: medium;\">III miejsce &#8211; \u017bywiec Justyna , Litwiniuk Lena<\/span><\/span><\/p>\n<ol style=\"text-align: justify;\" start=\"5\">\n<li><span style=\"color: #333333; font-family: verdana, geneva, sans-serif;\"><span style=\"font-size: medium;\">Konkurs czytelniczy \u201e Bohaterowie naszych lektur\u201d dla klasy II.<\/span><\/span><\/li>\n<\/ol>\n<p style=\"text-align: justify;\"><span style=\"color: #333333; font-family: verdana, geneva, sans-serif;\"><span style=\"font-size: medium;\">I miejsce \u2013 Jerzyna Julia<\/span><\/span><\/p>\n<p style=\"text-align: justify;\"><span style=\"color: #333333; font-family: verdana, geneva, sans-serif;\"><span style=\"font-size: medium;\">II miejsce \u2013 Borsukiewicz Lena, Kuna Milena, Litwiniuk Daria<\/span><\/span><\/p>\n<p style=\"text-align: justify;\"><span style=\"color: #333333; font-family: verdana, geneva, sans-serif;\"><span style=\"font-size: medium;\">III miejsce \u2013 Romak Pawe\u0142, Bielecka Julia<\/span><\/span><\/p>\n<ol start=\"6\">\n<li style=\"text-align: justify;\"><span style=\"color: #333333; font-family: verdana, geneva, sans-serif;\"><span style=\"font-size: medium;\">Akcja promuj\u0105ca nowo\u015bci czytelnicze \u201eKsi\u0105\u017ckowa lista przeboj\u00f3w\u201d\u2019<\/span><\/span><\/li>\n<li style=\"text-align: justify;\"><span style=\"color: #333333; font-family: verdana, geneva, sans-serif;\"><span style=\"font-size: medium;\">Dzie\u0144 Postaci Bajkowych w oddzia\u0142ach przedszkolnych.<\/span><\/span><\/li>\n<li>\n<p style=\"text-align: justify;\"><span style=\"color: #333333; font-family: verdana, geneva, sans-serif;\"><span style=\"font-size: medium;\">Akcja czytania bajek dzieciom z oddzia\u0142\u00f3w przedszkolnych przez nauczyciela bibliotekarza oraz starszych uczni\u00f3w \u201ePoranek z bajk\u0105\u201d.<br \/>\nngg_shortcode_0_placeholder<\/span><\/span><\/p>\n<\/li>\n<\/ol>\n","protected":false},"excerpt":{"rendered":"<p>&nbsp;&nbsp;&nbsp; W\u0142\u0105czaj\u0105c si\u0119 w obchody Mi\u0119dzynarodowego Miesi\u0105ca Bibliotek Szkolnych nasza biblioteka przeprowadzi\u0142a szereg dzia\u0142a\u0144: Konkurs ze znajomo\u015bci lektury \u201e Kajtkowe przygody\u201d dla klasy III. I miejsce- Kirszniak Aleksandra, Remiszewski Szymon II miejsce \u2013 Chmielewski Andrzej, Grabowska Anielka Konkurs na \u201eSelfi &hellip; <a href=\"https:\/\/zshorodlo.pl\/?p=33618\">Czytaj dalej <span class=\"meta-nav\">&rarr;<\/span><\/a><\/p>\n","protected":false},"author":3,"featured_media":0,"comment_status":"closed","ping_status":"open","sticky":false,"template":"","format":"standard","meta":{"ngg_post_thumbnail":0,"footnotes":""},"categories":[3],"tags":[],"_links":{"self":[{"href":"https:\/\/zshorodlo.pl\/index.php?rest_route=\/wp\/v2\/posts\/33618"}],"collection":[{"href":"https:\/\/zshorodlo.pl\/index.php?rest_route=\/wp\/v2\/posts"}],"about":[{"href":"https:\/\/zshorodlo.pl\/index.php?rest_route=\/wp\/v2\/types\/post"}],"author":[{"embeddable":true,"href":"https:\/\/zshorodlo.pl\/index.php?rest_route=\/wp\/v2\/users\/3"}],"replies":[{"embeddable":true,"href":"https:\/\/zshorodlo.pl\/index.php?rest_route=%2Fwp%2Fv2%2Fcomments&post=33618"}],"version-history":[{"count":2,"href":"https:\/\/zshorodlo.pl\/index.php?rest_route=\/wp\/v2\/posts\/33618\/revisions"}],"predecessor-version":[{"id":33620,"href":"https:\/\/zshorodlo.pl\/index.php?rest_route=\/wp\/v2\/posts\/33618\/revisions\/33620"}],"wp:attachment":[{"href":"https:\/\/zshorodlo.pl\/index.php?rest_route=%2Fwp%2Fv2%2Fmedia&parent=33618"}],"wp:term":[{"taxonomy":"category","embeddable":true,"href":"https:\/\/zshorodlo.pl\/index.php?rest_route=%2Fwp%2Fv2%2Fcategories&post=33618"},{"taxonomy":"post_tag","embeddable":true,"href":"https:\/\/zshorodlo.pl\/index.php?rest_route=%2Fwp%2Fv2%2Ftags&post=33618"}],"curies":[{"name":"wp","href":"https:\/\/api.w.org\/{rel}","templated":true}]}}