{"id":33508,"date":"2019-11-08T08:28:37","date_gmt":"2019-11-08T07:28:37","guid":{"rendered":"http:\/\/zshorodlo.pl\/?p=33508"},"modified":"2019-11-08T08:29:36","modified_gmt":"2019-11-08T07:29:36","slug":"wspolnie-czcimy-niepodleglosc","status":"publish","type":"post","link":"https:\/\/zshorodlo.pl\/?p=33508","title":{"rendered":"WSP\u00d3LNIE CZCIMY NIEPODLEG\u0141O\u015a\u0106!"},"content":{"rendered":"<p style=\"text-align: justify;\"><span style=\"font-family: verdana, geneva, sans-serif; font-size: 12pt;\">&nbsp;&nbsp;&nbsp;&nbsp; Spo\u0142eczno\u015b\u0107 Zespo\u0142u Szk\u00f3\u0142 w Horodle w dniach <strong>6 \u2013 7 listopada 2019 r.<\/strong> go\u015bci\u0142a uczestnik\u00f3w XXV Wile\u0144skiej Sztafety Niepodleg\u0142o\u015bci.<br \/>\n<\/span><span style=\"font-family: verdana, geneva, sans-serif; font-size: 12pt;\">&nbsp;&nbsp;&nbsp;&nbsp; \u201eBiegn\u0105c dla Ojczyzny\u201d m\u0142odzie\u017c z Wilna i okolic postanowi\u0142a uczci\u0107 jubileusze: 101 rocznic\u0119 odzyskania Niepodleg\u0142o\u015bci oraz 450 rocznic\u0119 Unii Lubelskiej. Trasa sztafety wiedzie od Lwowa przez <b>Horod\u0142o<\/b> \u2013 Kode\u0144 \u2013 Jan\u00f3w Podlaski \u2013 Narewk\u0119 \u2013 Sok\u00f3\u0142k\u0119 \u2013 Giby \u2013 Kopciowo \u2013 Druskienniki \u2013 Ejszyszki \u2013 Koniuchy \u2013 Soleczniki \u2013 Zu\u0142\u00f3w \u2013 Powiewiork\u0119 a\u017c do Wilna na Ross\u0119.<br \/>\n<\/span><span style=\"font-family: verdana, geneva, sans-serif; font-size: 12pt;\">&nbsp;&nbsp;&nbsp;&nbsp; Uczestnicy sztafety to uczniowie i studenci o polskich korzeniach nale\u017c\u0105cy do Hufca Maryi im. Pani Ostrobramskiej, nad kt\u00f3rym opiek\u0119 sprawuje ks. hm. Dariusz Sta\u0144czyk (proboszcz parafii w Tobolsku). W tej szczytnym przedsi\u0119wzi\u0119ciu wsparli biegaczy uczniowie z Zespo\u0142u Szk\u00f3\u0142 w Horodle, pokonuj\u0105c wraz z nimi odcinek trasy.<br \/>\n<\/span><span style=\"font-family: verdana, geneva, sans-serif; font-size: 12pt;\">&nbsp;&nbsp;&nbsp; Serdecznym przyj\u0119ciem postarano si\u0119 doceni\u0107 wysi\u0142ek naszych rodak\u00f3w z Litwy i odda\u0107 szacunek przy\u015bwiecaj\u0105cej im idei.<br \/>\nngg_shortcode_0_placeholder<br \/>\n<\/span><\/p>\n","protected":false},"excerpt":{"rendered":"<p>&nbsp;&nbsp;&nbsp;&nbsp; Spo\u0142eczno\u015b\u0107 Zespo\u0142u Szk\u00f3\u0142 w Horodle w dniach 6 \u2013 7 listopada 2019 r. go\u015bci\u0142a uczestnik\u00f3w XXV Wile\u0144skiej Sztafety Niepodleg\u0142o\u015bci. &nbsp;&nbsp;&nbsp;&nbsp; \u201eBiegn\u0105c dla Ojczyzny\u201d m\u0142odzie\u017c z Wilna i okolic postanowi\u0142a uczci\u0107 jubileusze: 101 rocznic\u0119 odzyskania Niepodleg\u0142o\u015bci oraz 450 rocznic\u0119 Unii &hellip; <a href=\"https:\/\/zshorodlo.pl\/?p=33508\">Czytaj dalej <span class=\"meta-nav\">&rarr;<\/span><\/a><\/p>\n","protected":false},"author":3,"featured_media":0,"comment_status":"closed","ping_status":"open","sticky":false,"template":"","format":"standard","meta":{"ngg_post_thumbnail":0,"footnotes":""},"categories":[5],"tags":[],"_links":{"self":[{"href":"https:\/\/zshorodlo.pl\/index.php?rest_route=\/wp\/v2\/posts\/33508"}],"collection":[{"href":"https:\/\/zshorodlo.pl\/index.php?rest_route=\/wp\/v2\/posts"}],"about":[{"href":"https:\/\/zshorodlo.pl\/index.php?rest_route=\/wp\/v2\/types\/post"}],"author":[{"embeddable":true,"href":"https:\/\/zshorodlo.pl\/index.php?rest_route=\/wp\/v2\/users\/3"}],"replies":[{"embeddable":true,"href":"https:\/\/zshorodlo.pl\/index.php?rest_route=%2Fwp%2Fv2%2Fcomments&post=33508"}],"version-history":[{"count":2,"href":"https:\/\/zshorodlo.pl\/index.php?rest_route=\/wp\/v2\/posts\/33508\/revisions"}],"predecessor-version":[{"id":33510,"href":"https:\/\/zshorodlo.pl\/index.php?rest_route=\/wp\/v2\/posts\/33508\/revisions\/33510"}],"wp:attachment":[{"href":"https:\/\/zshorodlo.pl\/index.php?rest_route=%2Fwp%2Fv2%2Fmedia&parent=33508"}],"wp:term":[{"taxonomy":"category","embeddable":true,"href":"https:\/\/zshorodlo.pl\/index.php?rest_route=%2Fwp%2Fv2%2Fcategories&post=33508"},{"taxonomy":"post_tag","embeddable":true,"href":"https:\/\/zshorodlo.pl\/index.php?rest_route=%2Fwp%2Fv2%2Ftags&post=33508"}],"curies":[{"name":"wp","href":"https:\/\/api.w.org\/{rel}","templated":true}]}}