{"id":32897,"date":"2019-04-25T09:20:35","date_gmt":"2019-04-25T07:20:35","guid":{"rendered":"http:\/\/zshorodlo.pl\/?p=32897"},"modified":"2020-03-02T10:16:06","modified_gmt":"2020-03-02T09:16:06","slug":"nasi-lekkoatleci-na-orlen-warsaw-marathon-2019","status":"publish","type":"post","link":"https:\/\/zshorodlo.pl\/?p=32897","title":{"rendered":"NASI  LEKKOATLECI NA ORLEN WARSAW MARATHON 2019"},"content":{"rendered":"<p style=\"text-align: justify;\"><span style=\"font-family: verdana, geneva, sans-serif;\"><span style=\"font-size: medium;\">&nbsp;&nbsp;&nbsp; W sobot\u0119 <strong>13 kwietnia 2019 r.<\/strong> w Warszawie przy Stadionie Narodowym odby\u0142y si\u0119 og\u00f3lnopolskie biegi dla dzieci, towarzysz\u0105ce niedzielnemu ORLEN WARSAW MARATHON 2019. By\u0142y to zawody dla dzieci i m\u0142odzie\u017cy uczestnicz\u0105cych w programie LEKKOATLETYKA DLA KA\u017bDEGO.<br \/>\n&nbsp;&nbsp;&nbsp;&nbsp; W trudnych warunkach atmosferycznych w zawodach udzia\u0142 wzi\u0119\u0142o czworo m\u0142odych zawodnik\u00f3w ze Szko\u0142y podstawowej w Horodle: <\/span><span style=\"font-size: medium;\"><b>Haczkiewicz Magda, Ja\u0144czuk Karolina, Pa\u0144ko Kacper i Pochylczuk Tomasz. <\/b><\/span><span style=\"font-size: medium;\">Wszyscy dzielnie walczyli na swoich dystansach o jak najlepsze lokaty. Dla zawodnik\u00f3w by\u0142o to wielkie do\u015bwiadczenie, kt\u00f3re zapami\u0119taj\u0105 na ca\u0142e \u017cycie. Nasi m\u0142odzi lekkoatleci przygotowywali si\u0119 pod opiek\u0105 pana <\/span><span style=\"font-size: medium;\"><b>Miros\u0142awa Kamienia.<\/b><\/span><\/span><\/p>\n<p style=\"text-align: justify;\"><span style=\"font-family: verdana, geneva, sans-serif;\"><span style=\"font-size: medium;\">Poni\u017cej wyniki naszych zawodnik\u00f3w:<\/span><\/span><\/p>\n<p style=\"text-align: justify;\"><span style=\"font-family: verdana, geneva, sans-serif;\"><span style=\"font-size: medium;\">Bieg na 600m ch\u0142opc\u00f3w (rocznik 2006 \u2013 startowa\u0142o 143 osoby):<br \/>\n&nbsp;&nbsp;&nbsp;&nbsp;&nbsp;&nbsp; <b>14 miejsce \u2013 Kacper Pa\u0144ko<br \/>\n&nbsp;&nbsp;&nbsp;&nbsp;&nbsp;&nbsp; 28<\/b><\/span> <span style=\"font-size: medium;\"><b>miejsce \u2013 Tomasz Pochylczuk<\/b><\/span><\/span><\/p>\n<p style=\"text-align: justify;\"><span style=\"font-family: verdana, geneva, sans-serif;\"><span style=\"font-size: medium;\">Bieg na 600m dziewcz\u0105t (rocznik 2006 \u2013 startowa\u0142o 262 osoby)<br \/>\n&nbsp; &nbsp; &nbsp;&nbsp; <\/span><\/span><span style=\"font-family: verdana, geneva, sans-serif;\"><span style=\"font-size: medium;\"><b>65 miejsce \u2013 Magda Haczkiewicz <\/b><\/span><\/span><\/p>\n<p style=\"text-align: justify;\"><span style=\"font-family: verdana, geneva, sans-serif;\"><span style=\"font-size: medium;\">Bieg na 600m dziewcz\u0105t (rocznik 2007 \u2013 startowa\u0142o 283 osoby)<br \/>\n&nbsp;&nbsp;&nbsp;&nbsp;&nbsp;&nbsp; <b>53 miejsce \u2013 Karolina Ja\u0144czuk<\/b><\/span><\/span><\/p>\n<p style=\"text-align: right;\" align=\"right\"><span style=\"font-family: verdana, geneva, sans-serif;\"><span style=\"font-size: medium;\"><b>Wszystkim nale\u017c\u0105 si\u0119 wielkie gratulacje !<\/b><\/span><\/span><\/p>\n<p align=\"right\">ngg_shortcode_0_placeholder<\/p>\n","protected":false},"excerpt":{"rendered":"<p>&nbsp;&nbsp;&nbsp; W sobot\u0119 13 kwietnia 2019 r. w Warszawie przy Stadionie Narodowym odby\u0142y si\u0119 og\u00f3lnopolskie biegi dla dzieci, towarzysz\u0105ce niedzielnemu ORLEN WARSAW MARATHON 2019. By\u0142y to zawody dla dzieci i m\u0142odzie\u017cy uczestnicz\u0105cych w programie LEKKOATLETYKA DLA KA\u017bDEGO. &nbsp;&nbsp;&nbsp;&nbsp; W trudnych &hellip; <a href=\"https:\/\/zshorodlo.pl\/?p=32897\">Czytaj dalej <span class=\"meta-nav\">&rarr;<\/span><\/a><\/p>\n","protected":false},"author":3,"featured_media":0,"comment_status":"closed","ping_status":"open","sticky":false,"template":"","format":"standard","meta":{"ngg_post_thumbnail":0,"footnotes":""},"categories":[14,3],"tags":[],"_links":{"self":[{"href":"https:\/\/zshorodlo.pl\/index.php?rest_route=\/wp\/v2\/posts\/32897"}],"collection":[{"href":"https:\/\/zshorodlo.pl\/index.php?rest_route=\/wp\/v2\/posts"}],"about":[{"href":"https:\/\/zshorodlo.pl\/index.php?rest_route=\/wp\/v2\/types\/post"}],"author":[{"embeddable":true,"href":"https:\/\/zshorodlo.pl\/index.php?rest_route=\/wp\/v2\/users\/3"}],"replies":[{"embeddable":true,"href":"https:\/\/zshorodlo.pl\/index.php?rest_route=%2Fwp%2Fv2%2Fcomments&post=32897"}],"version-history":[{"count":3,"href":"https:\/\/zshorodlo.pl\/index.php?rest_route=\/wp\/v2\/posts\/32897\/revisions"}],"predecessor-version":[{"id":34089,"href":"https:\/\/zshorodlo.pl\/index.php?rest_route=\/wp\/v2\/posts\/32897\/revisions\/34089"}],"wp:attachment":[{"href":"https:\/\/zshorodlo.pl\/index.php?rest_route=%2Fwp%2Fv2%2Fmedia&parent=32897"}],"wp:term":[{"taxonomy":"category","embeddable":true,"href":"https:\/\/zshorodlo.pl\/index.php?rest_route=%2Fwp%2Fv2%2Fcategories&post=32897"},{"taxonomy":"post_tag","embeddable":true,"href":"https:\/\/zshorodlo.pl\/index.php?rest_route=%2Fwp%2Fv2%2Ftags&post=32897"}],"curies":[{"name":"wp","href":"https:\/\/api.w.org\/{rel}","templated":true}]}}